{"id":4413655,"date":"2019-08-21T13:16:13","date_gmt":"2019-08-21T16:16:13","guid":{"rendered":"https:\/\/midianinja.org\/news\/no-es-fuego-es-capitalismo-5-cosas-que-podemos-hacer-por-el-amazonas\/"},"modified":"2019-08-21T13:16:13","modified_gmt":"2019-08-21T16:16:13","slug":"no-es-fuego-es-capitalismo-5-cosas-que-podemos-hacer-por-el-amazonas","status":"publish","type":"post","link":"https:\/\/midianinja.org\/es\/no-es-fuego-es-capitalismo-5-cosas-que-podemos-hacer-por-el-amazonas\/","title":{"rendered":"No es fuego, es capitalismo: 5 cosas que podemos hacer por el Amazonas"},"content":{"rendered":"<p>Los incendios que arrasan el pulm\u00f3n del planeta se deben principalmente al cambio clim\u00e1tico y a un p\u00e9simo manejo del gobierno de Bolsonaro de las pol\u00edticas ambientales. Cient\u00edficos pronostican que vamos a sobrepasar 1.5 grados de calentamiento global para 2030, las consecuencias de los incendios en el Amazonas nos afecta a todos en el planeta. \u00bfPero qu\u00e9 hay detr\u00e1s de esto, qu\u00e9 responsabilidad puedo asumir y qu\u00e9 puedo hacer para que cambie?<\/p>\n<h4>1. Boicot activo a las empresas que destruyen el medio ambiente:<\/h4>\n<p>El cambio clim\u00e1tico se debe a la a sobre-explotaci\u00f3n de bosques, r\u00edos, lagos, junglas, mares, monta\u00f1as (\u2026). Un modelo de consumo que pone al crecimiento econ\u00f3mico por encima de la vida misma. Las empresas madereras, mineras, ganaderas que amenazan el Amazonas s\u00f3lo existen porque hay quienes les compran.<\/p>\n<h4>2. Cambiar mi forma de consumo alimenticio:<\/h4>\n<p>El crecimiento econ\u00f3mico por encima de la vida se sustenta en una econom\u00eda de consumo y desecho. Billones de botellas de agua desechables, producci\u00f3n industrial de carne, monocultivo de alimentos. Est\u00e1 demostrado que los peque\u00f1os productores son quienes alimentan a la mayor parte del planeta, dile no a la producci\u00f3n industrial de alimentos, aprende a cultivar y apoya a los productores locales.<\/p>\n<h4>3. S\u00f3lo tener lo necesario para una vida digna:<\/h4>\n<p>El modelo econ\u00f3mico en el que vivimos se basa en el consumo desmedido: comprar, tirar, comprar. La ropa, los celulares, los autos tienen una vida \u00fatil limitada para que los deseches y compres uno nuevo al poco tiempo. A eso se le llama obsolescencia programada. Adquiere s\u00f3lo lo necesario, usa tecnolog\u00eda que puedas reparar t\u00fa mismo, que tu felicidad no dependa de objetos materiales.<\/p>\n<h4>4. Cambiar a los gobiernos ecocidas.<\/h4>\n<p>No se trata de izquierdas o derechas, los gobiernos que apoyan a las empresas que destruyen al medio ambiente y se sustentan en la depredaci\u00f3n de la naturaleza, nos est\u00e1n llevando al colapso planetario. Petr\u00f3leo, miner\u00eda, maderer\u00eda, privatizaci\u00f3n del agua, son negocios que benefician a pocos y afectan a la mayor\u00eda. Ning\u00fan gobierno que plantee estas pol\u00edticas debe permanecer, se nos acab\u00f3 el tiempo.<\/p>\n<h4>5. Otras formas de existir.<\/h4>\n<p>C\u00f3mo vivir sin destruir, parece una pregunta que la ciencia moderna no logra responder. Pero la respuesta es m\u00e1s sencilla, el 80% de la biodiversidad en el planeta est\u00e1 en salvaguarda de pueblos ind\u00edgenas; al mismo tiempo las pol\u00edticas gubernamentales despojan y erradican las culturas originarias. Aprende de las culturas que llevan miles de a\u00f1os preservando la vida, s\u00famate a sus luchas y aprende de ellas.<\/p>\n","protected":false},"excerpt":{"rendered":"<p>\u00bfPero qu\u00e9 hay detr\u00e1s de esto, qu\u00e9 responsabilidad puedo asumir y qu\u00e9 puedo hacer para que cambie?<\/p>\n","protected":false},"author":5007,"featured_media":0,"comment_status":"closed","ping_status":"closed","sticky":false,"template":"","format":"standard","meta":{"_coblocks_attr":"","_coblocks_dimensions":"","_coblocks_responsive_height":"","_coblocks_accordion_ie_support":"","newspack_ads_suppress_ads":false,"newspack_popups_has_disabled_popups":false,"newspack_sponsor_sponsorship_scope":"","newspack_sponsor_native_byline_display":"inherit","newspack_sponsor_native_category_display":"inherit","newspack_sponsor_underwriter_style":"inherit","newspack_sponsor_underwriter_placement":"inherit","rop_custom_images_group":[],"rop_custom_messages_group":[],"rop_publish_now":"initial","rop_publish_now_accounts":[],"rop_publish_now_history":[],"rop_publish_now_status":"pending","_themeisle_gutenberg_block_has_review":false,"_primary_brand":0,"_newspack_byline_active":false,"_newspack_byline":"","footnotes":""},"categories":[1480],"tags":[],"brand":[],"newspack_spnsrs_tax":[],"marcador_afluente":[],"marcador_especial":[],"coauthors":[],"class_list":["post-4413655","post","type-post","status-publish","format-standard","hentry","category-meio-ambiente-es"],"yoast_head":"<!-- This site is optimized with the Yoast SEO Premium plugin v25.2 (Yoast SEO v26.1.1) - https:\/\/yoast.com\/wordpress\/plugins\/seo\/ -->\n<title>No es fuego, es capitalismo: 5 cosas que podemos hacer por el Amazonas - M\u00eddia NINJA<\/title>\n<meta name=\"description\" content=\"\u00bfPero qu\u00e9 hay detr\u00e1s de esto, qu\u00e9 responsabilidad puedo asumir y qu\u00e9 puedo hacer para que cambie?\" \/>\n<meta name=\"robots\" content=\"index, follow, max-snippet:-1, max-image-preview:large, max-video-preview:-1\" \/>\n<link rel=\"canonical\" href=\"https:\/\/midianinja.org\/no-es-fuego-es-capitalismo-5-cosas-que-podemos-hacer-por-el-amazonas\/\" \/>\n<meta property=\"og:locale\" content=\"es_ES\" \/>\n<meta property=\"og:type\" content=\"article\" \/>\n<meta property=\"og:title\" content=\"No es fuego, es capitalismo: 5 cosas que podemos hacer por el Amazonas\" \/>\n<meta property=\"og:description\" content=\"\u00bfPero qu\u00e9 hay detr\u00e1s de esto, qu\u00e9 responsabilidad puedo asumir y qu\u00e9 puedo hacer para que cambie?\" \/>\n<meta property=\"og:url\" content=\"https:\/\/midianinja.org\/no-es-fuego-es-capitalismo-5-cosas-que-podemos-hacer-por-el-amazonas\/\" \/>\n<meta property=\"og:site_name\" content=\"M\u00eddia NINJA\" \/>\n<meta property=\"article:publisher\" content=\"https:\/\/www.facebook.com\/MidiaNINJA\" \/>\n<meta property=\"article:author\" content=\"https:\/\/www.facebook.com\/pg\/MidiaNINJA\/\" \/>\n<meta property=\"article:published_time\" content=\"2019-08-21T16:16:13+00:00\" \/>\n<meta property=\"og:image\" content=\"https:\/\/midianinja.org\/wp-content\/uploads\/2019\/08\/photo_2019-08-21_13-13-00-1024x1024.jpg\" \/>\n<meta name=\"author\" content=\"NINJA\" \/>\n<meta name=\"twitter:card\" content=\"summary_large_image\" \/>\n<meta name=\"twitter:creator\" content=\"@https:\/\/www.twitter.com\/MidiaNINJA\/\" \/>\n<meta name=\"twitter:site\" content=\"@MidiaNINJA\" \/>\n<meta name=\"twitter:label1\" content=\"Escrito por\" \/>\n\t<meta name=\"twitter:data1\" content=\"NINJA\" \/>\n\t<meta name=\"twitter:label2\" content=\"Tiempo de lectura\" \/>\n\t<meta name=\"twitter:data2\" content=\"2 minutos\" \/>\n\t<meta name=\"twitter:label3\" content=\"Written by\" \/>\n\t<meta name=\"twitter:data3\" content=\"NINJA\" \/>\n<script type=\"application\/ld+json\" class=\"yoast-schema-graph\">{\"@context\":\"https:\/\/schema.org\",\"@graph\":[{\"@type\":\"Article\",\"@id\":\"https:\/\/midianinja.org\/no-es-fuego-es-capitalismo-5-cosas-que-podemos-hacer-por-el-amazonas\/#article\",\"isPartOf\":{\"@id\":\"https:\/\/midianinja.org\/no-es-fuego-es-capitalismo-5-cosas-que-podemos-hacer-por-el-amazonas\/\"},\"author\":{\"name\":\"NINJA\",\"@id\":\"https:\/\/midianinja.org\/#\/schema\/person\/c3bf33f8e8c482e1eb74055982d698ee\"},\"headline\":\"No es fuego, es capitalismo: 5 cosas que podemos hacer por el Amazonas\",\"datePublished\":\"2019-08-21T16:16:13+00:00\",\"mainEntityOfPage\":{\"@id\":\"https:\/\/midianinja.org\/no-es-fuego-es-capitalismo-5-cosas-que-podemos-hacer-por-el-amazonas\/\"},\"wordCount\":453,\"publisher\":{\"@id\":\"https:\/\/midianinja.org\/#organization\"},\"articleSection\":[\"Meio Ambiente\"],\"inLanguage\":\"es\"},{\"@type\":\"WebPage\",\"@id\":\"https:\/\/midianinja.org\/no-es-fuego-es-capitalismo-5-cosas-que-podemos-hacer-por-el-amazonas\/\",\"url\":\"https:\/\/midianinja.org\/no-es-fuego-es-capitalismo-5-cosas-que-podemos-hacer-por-el-amazonas\/\",\"name\":\"No es fuego, es capitalismo: 5 cosas que podemos hacer por el Amazonas - M\u00eddia NINJA\",\"isPartOf\":{\"@id\":\"https:\/\/midianinja.org\/#website\"},\"datePublished\":\"2019-08-21T16:16:13+00:00\",\"description\":\"\u00bfPero qu\u00e9 hay detr\u00e1s de esto, qu\u00e9 responsabilidad puedo asumir y qu\u00e9 puedo hacer para que cambie?\",\"breadcrumb\":{\"@id\":\"https:\/\/midianinja.org\/no-es-fuego-es-capitalismo-5-cosas-que-podemos-hacer-por-el-amazonas\/#breadcrumb\"},\"inLanguage\":\"es\",\"potentialAction\":[{\"@type\":\"ReadAction\",\"target\":[\"https:\/\/midianinja.org\/no-es-fuego-es-capitalismo-5-cosas-que-podemos-hacer-por-el-amazonas\/\"]}]},{\"@type\":\"BreadcrumbList\",\"@id\":\"https:\/\/midianinja.org\/no-es-fuego-es-capitalismo-5-cosas-que-podemos-hacer-por-el-amazonas\/#breadcrumb\",\"itemListElement\":[{\"@type\":\"ListItem\",\"position\":1,\"name\":\"In\u00edcio\",\"item\":\"https:\/\/midianinja.org\/es\/\"},{\"@type\":\"ListItem\",\"position\":2,\"name\":\"No es fuego, es capitalismo: 5 cosas que podemos hacer por el Amazonas\"}]},{\"@type\":\"WebSite\",\"@id\":\"https:\/\/midianinja.org\/#website\",\"url\":\"https:\/\/midianinja.org\/\",\"name\":\"M\u00eddia NINJA\",\"description\":\"Not\u00edcias, opini\u00e3o e jornalismo de urg\u00eancia.\",\"publisher\":{\"@id\":\"https:\/\/midianinja.org\/#organization\"},\"potentialAction\":[{\"@type\":\"SearchAction\",\"target\":{\"@type\":\"EntryPoint\",\"urlTemplate\":\"https:\/\/midianinja.org\/?s={search_term_string}\"},\"query-input\":{\"@type\":\"PropertyValueSpecification\",\"valueRequired\":true,\"valueName\":\"search_term_string\"}}],\"inLanguage\":\"es\"},{\"@type\":\"Organization\",\"@id\":\"https:\/\/midianinja.org\/#organization\",\"name\":\"M\u00eddia NINJA\",\"url\":\"https:\/\/midianinja.org\/\",\"logo\":{\"@type\":\"ImageObject\",\"inLanguage\":\"es\",\"@id\":\"https:\/\/midianinja.org\/#\/schema\/logo\/image\/\",\"url\":\"https:\/\/midianinja.org\/wp-content\/uploads\/2022\/11\/ninja-logo-preto-1.png\",\"contentUrl\":\"https:\/\/midianinja.org\/wp-content\/uploads\/2022\/11\/ninja-logo-preto-1.png\",\"width\":90,\"height\":60,\"caption\":\"M\u00eddia NINJA\"},\"image\":{\"@id\":\"https:\/\/midianinja.org\/#\/schema\/logo\/image\/\"},\"sameAs\":[\"https:\/\/www.facebook.com\/MidiaNINJA\",\"https:\/\/x.com\/MidiaNINJA\",\"https:\/\/www.instagram.com\/midianinja\/\"]},{\"@type\":\"Person\",\"@id\":\"https:\/\/midianinja.org\/#\/schema\/person\/c3bf33f8e8c482e1eb74055982d698ee\",\"name\":\"NINJA\",\"image\":{\"@type\":\"ImageObject\",\"inLanguage\":\"es\",\"@id\":\"https:\/\/midianinja.org\/#\/schema\/person\/image\/f07be7cca4a7817bbd00856ef7026314\",\"url\":\"https:\/\/secure.gravatar.com\/avatar\/977db89a49d9766fb23a668047cb7cf0a5b2dbf13eb3d4e3e833c2a299cc2446?s=96&d=mm&r=g\",\"contentUrl\":\"https:\/\/secure.gravatar.com\/avatar\/977db89a49d9766fb23a668047cb7cf0a5b2dbf13eb3d4e3e833c2a299cc2446?s=96&d=mm&r=g\",\"caption\":\"NINJA\"},\"sameAs\":[\"https:\/\/www.facebook.com\/pg\/MidiaNINJA\/\",\"https:\/\/www.instagram.com\/MidiaNINJA\/\",\"https:\/\/x.com\/https:\/\/www.twitter.com\/MidiaNINJA\/\"],\"url\":\"https:\/\/midianinja.org\/es\/author\/editorninja\/\"}]}<\/script>\n<!-- \/ Yoast SEO Premium plugin. -->","yoast_head_json":{"title":"No es fuego, es capitalismo: 5 cosas que podemos hacer por el Amazonas - M\u00eddia NINJA","description":"\u00bfPero qu\u00e9 hay detr\u00e1s de esto, qu\u00e9 responsabilidad puedo asumir y qu\u00e9 puedo hacer para que cambie?","robots":{"index":"index","follow":"follow","max-snippet":"max-snippet:-1","max-image-preview":"max-image-preview:large","max-video-preview":"max-video-preview:-1"},"canonical":"https:\/\/midianinja.org\/no-es-fuego-es-capitalismo-5-cosas-que-podemos-hacer-por-el-amazonas\/","og_locale":"es_ES","og_type":"article","og_title":"No es fuego, es capitalismo: 5 cosas que podemos hacer por el Amazonas","og_description":"\u00bfPero qu\u00e9 hay detr\u00e1s de esto, qu\u00e9 responsabilidad puedo asumir y qu\u00e9 puedo hacer para que cambie?","og_url":"https:\/\/midianinja.org\/no-es-fuego-es-capitalismo-5-cosas-que-podemos-hacer-por-el-amazonas\/","og_site_name":"M\u00eddia NINJA","article_publisher":"https:\/\/www.facebook.com\/MidiaNINJA","article_author":"https:\/\/www.facebook.com\/pg\/MidiaNINJA\/","article_published_time":"2019-08-21T16:16:13+00:00","og_image":[{"url":"https:\/\/midianinja.org\/wp-content\/uploads\/2019\/08\/photo_2019-08-21_13-13-00-1024x1024.jpg","type":"","width":"","height":""}],"author":"NINJA","twitter_card":"summary_large_image","twitter_creator":"@https:\/\/www.twitter.com\/MidiaNINJA\/","twitter_site":"@MidiaNINJA","twitter_misc":{"Escrito por":"NINJA","Tiempo de lectura":"2 minutos","Written by":"NINJA"},"schema":{"@context":"https:\/\/schema.org","@graph":[{"@type":"Article","@id":"https:\/\/midianinja.org\/no-es-fuego-es-capitalismo-5-cosas-que-podemos-hacer-por-el-amazonas\/#article","isPartOf":{"@id":"https:\/\/midianinja.org\/no-es-fuego-es-capitalismo-5-cosas-que-podemos-hacer-por-el-amazonas\/"},"author":{"name":"NINJA","@id":"https:\/\/midianinja.org\/#\/schema\/person\/c3bf33f8e8c482e1eb74055982d698ee"},"headline":"No es fuego, es capitalismo: 5 cosas que podemos hacer por el Amazonas","datePublished":"2019-08-21T16:16:13+00:00","mainEntityOfPage":{"@id":"https:\/\/midianinja.org\/no-es-fuego-es-capitalismo-5-cosas-que-podemos-hacer-por-el-amazonas\/"},"wordCount":453,"publisher":{"@id":"https:\/\/midianinja.org\/#organization"},"articleSection":["Meio Ambiente"],"inLanguage":"es"},{"@type":"WebPage","@id":"https:\/\/midianinja.org\/no-es-fuego-es-capitalismo-5-cosas-que-podemos-hacer-por-el-amazonas\/","url":"https:\/\/midianinja.org\/no-es-fuego-es-capitalismo-5-cosas-que-podemos-hacer-por-el-amazonas\/","name":"No es fuego, es capitalismo: 5 cosas que podemos hacer por el Amazonas - M\u00eddia NINJA","isPartOf":{"@id":"https:\/\/midianinja.org\/#website"},"datePublished":"2019-08-21T16:16:13+00:00","description":"\u00bfPero qu\u00e9 hay detr\u00e1s de esto, qu\u00e9 responsabilidad puedo asumir y qu\u00e9 puedo hacer para que cambie?","breadcrumb":{"@id":"https:\/\/midianinja.org\/no-es-fuego-es-capitalismo-5-cosas-que-podemos-hacer-por-el-amazonas\/#breadcrumb"},"inLanguage":"es","potentialAction":[{"@type":"ReadAction","target":["https:\/\/midianinja.org\/no-es-fuego-es-capitalismo-5-cosas-que-podemos-hacer-por-el-amazonas\/"]}]},{"@type":"BreadcrumbList","@id":"https:\/\/midianinja.org\/no-es-fuego-es-capitalismo-5-cosas-que-podemos-hacer-por-el-amazonas\/#breadcrumb","itemListElement":[{"@type":"ListItem","position":1,"name":"In\u00edcio","item":"https:\/\/midianinja.org\/es\/"},{"@type":"ListItem","position":2,"name":"No es fuego, es capitalismo: 5 cosas que podemos hacer por el Amazonas"}]},{"@type":"WebSite","@id":"https:\/\/midianinja.org\/#website","url":"https:\/\/midianinja.org\/","name":"M\u00eddia NINJA","description":"Not\u00edcias, opini\u00e3o e jornalismo de urg\u00eancia.","publisher":{"@id":"https:\/\/midianinja.org\/#organization"},"potentialAction":[{"@type":"SearchAction","target":{"@type":"EntryPoint","urlTemplate":"https:\/\/midianinja.org\/?s={search_term_string}"},"query-input":{"@type":"PropertyValueSpecification","valueRequired":true,"valueName":"search_term_string"}}],"inLanguage":"es"},{"@type":"Organization","@id":"https:\/\/midianinja.org\/#organization","name":"M\u00eddia NINJA","url":"https:\/\/midianinja.org\/","logo":{"@type":"ImageObject","inLanguage":"es","@id":"https:\/\/midianinja.org\/#\/schema\/logo\/image\/","url":"https:\/\/midianinja.org\/wp-content\/uploads\/2022\/11\/ninja-logo-preto-1.png","contentUrl":"https:\/\/midianinja.org\/wp-content\/uploads\/2022\/11\/ninja-logo-preto-1.png","width":90,"height":60,"caption":"M\u00eddia NINJA"},"image":{"@id":"https:\/\/midianinja.org\/#\/schema\/logo\/image\/"},"sameAs":["https:\/\/www.facebook.com\/MidiaNINJA","https:\/\/x.com\/MidiaNINJA","https:\/\/www.instagram.com\/midianinja\/"]},{"@type":"Person","@id":"https:\/\/midianinja.org\/#\/schema\/person\/c3bf33f8e8c482e1eb74055982d698ee","name":"NINJA","image":{"@type":"ImageObject","inLanguage":"es","@id":"https:\/\/midianinja.org\/#\/schema\/person\/image\/f07be7cca4a7817bbd00856ef7026314","url":"https:\/\/secure.gravatar.com\/avatar\/977db89a49d9766fb23a668047cb7cf0a5b2dbf13eb3d4e3e833c2a299cc2446?s=96&d=mm&r=g","contentUrl":"https:\/\/secure.gravatar.com\/avatar\/977db89a49d9766fb23a668047cb7cf0a5b2dbf13eb3d4e3e833c2a299cc2446?s=96&d=mm&r=g","caption":"NINJA"},"sameAs":["https:\/\/www.facebook.com\/pg\/MidiaNINJA\/","https:\/\/www.instagram.com\/MidiaNINJA\/","https:\/\/x.com\/https:\/\/www.twitter.com\/MidiaNINJA\/"],"url":"https:\/\/midianinja.org\/es\/author\/editorninja\/"}]}},"main_category":{"link":"https:\/\/midianinja.org\/es\/category\/meio-ambiente-es\/","name":"Meio Ambiente","slug":"meio-ambiente-es"},"_links":{"self":[{"href":"https:\/\/midianinja.org\/es\/wp-json\/wp\/v2\/posts\/4413655","targetHints":{"allow":["GET"]}}],"collection":[{"href":"https:\/\/midianinja.org\/es\/wp-json\/wp\/v2\/posts"}],"about":[{"href":"https:\/\/midianinja.org\/es\/wp-json\/wp\/v2\/types\/post"}],"author":[{"embeddable":true,"href":"https:\/\/midianinja.org\/es\/wp-json\/wp\/v2\/users\/5007"}],"replies":[{"embeddable":true,"href":"https:\/\/midianinja.org\/es\/wp-json\/wp\/v2\/comments?post=4413655"}],"version-history":[{"count":0,"href":"https:\/\/midianinja.org\/es\/wp-json\/wp\/v2\/posts\/4413655\/revisions"}],"wp:attachment":[{"href":"https:\/\/midianinja.org\/es\/wp-json\/wp\/v2\/media?parent=4413655"}],"wp:term":[{"taxonomy":"category","embeddable":true,"href":"https:\/\/midianinja.org\/es\/wp-json\/wp\/v2\/categories?post=4413655"},{"taxonomy":"post_tag","embeddable":true,"href":"https:\/\/midianinja.org\/es\/wp-json\/wp\/v2\/tags?post=4413655"},{"taxonomy":"brand","embeddable":true,"href":"https:\/\/midianinja.org\/es\/wp-json\/wp\/v2\/brand?post=4413655"},{"taxonomy":"newspack_spnsrs_tax","embeddable":true,"href":"https:\/\/midianinja.org\/es\/wp-json\/wp\/v2\/newspack_spnsrs_tax?post=4413655"},{"taxonomy":"marcador_afluente","embeddable":true,"href":"https:\/\/midianinja.org\/es\/wp-json\/wp\/v2\/marcador_afluente?post=4413655"},{"taxonomy":"marcador_especial","embeddable":true,"href":"https:\/\/midianinja.org\/es\/wp-json\/wp\/v2\/marcador_especial?post=4413655"},{"taxonomy":"author","embeddable":true,"href":"https:\/\/midianinja.org\/es\/wp-json\/wp\/v2\/coauthors?post=4413655"}],"curies":[{"name":"wp","href":"https:\/\/api.w.org\/{rel}","templated":true}]}}