{"id":4653706,"date":"2025-11-16T19:06:02","date_gmt":"2025-11-16T22:06:02","guid":{"rendered":"https:\/\/midianinja.org\/unidade-territorio-e-resistencia-marcam-a-assembleia-dos-movimentos-sociais\/"},"modified":"2025-11-19T01:16:41","modified_gmt":"2025-11-19T04:16:41","slug":"unidade-territorio-e-resistencia-marcam-a-assembleia-dos-movimentos-sociais","status":"publish","type":"post","link":"https:\/\/midianinja.org\/en\/unidade-territorio-e-resistencia-marcam-a-assembleia-dos-movimentos-sociais\/","title":{"rendered":"Unity, territory, and resistance mark the Assembly of Social Movements"},"content":{"rendered":"\n<p><em>by Janayna Rodrigues<\/em><\/p>\n\n\n\n<p>The Assembly of Social Movements, held on the main stage of the People\u2019s Summit space at the Federal University of Par\u00e1 (UFPA), reminded us once again why we continue to struggle. Its opening, led by the Landless Workers\u2019 Movement (MST), brought art, mysticism, and the defense of Agrarian Reform to the center of the debate. Soon after, the World March of Women took the stage doing what it always does: occupying the space with courage, voice, rhythm, and demands, reaffirming the role of women in building popular alternatives. The opening, marked by cultural expression, already revealed the tone of a plenary grounded in struggle, unity, and collective commitment.<\/p>\n\n\n\n<p>In the first part of the plenary, representatives of Latin American movements brought reflections that resonate with all who fight. They spoke of the need to reinvent our ways of relating \u2014 spiritually, materially, and territorially. And they reinforced that there is no transformation without grassroots work, without face-to-face dialogue, without conversations with real people. They reminded the audience that we cannot speak of the future without affirming an anti-capitalist, anti-racist, and anti-patriarchal world. The central word in this moment was unity \u2014 unity of action, of project, of coordination.<\/p>\n\n\n\n<p>The World March of Women emphasized that our alternatives may seem small or even invisible, but they are what sustain resistance. It is there, in territorial practice, that the new is born and that we reinforce what must be continually repeated: combating racism and patriarchy is not an isolated task, but the work of everyone, because they are pillars of the very system that oppresses us.<\/p>\n\n\n\n<p>The Trade Union Confederation of the Americas \u2014 an entity with 54 affiliated organizations across 21 Latin American countries \u2014 opened the second part of the plenary by addressing the defense of democracy and peace; the importance of placing life at the center when thinking about solutions for dignity and justice; decent work; and the increasingly evident threat of the far-right in the erosion and withdrawal of labor rights.<\/p>\n\n\n\n<p>La V\u00eda Campesina of Zimbabwe delivered a striking message about the transformative power that resides within us and passes through the construction of true food sovereignty. They reminded participants that this power to transform the world \u2014 which we often believe lies far away, in the hands of governments or corporations \u2014 also lies within each of us. And that transformation begins when we reclaim something very basic: the right to produce, consume, and decide what we eat.<\/p>\n\n\n\n<p>They contextualized something that seems simple, but when heard carefully, reveals our food vulnerability: we continue buying food and seeds as if that were the only way to live. But it is not. The truth is that we were taught to depend on the market, and we ended up normalizing this dependence. And this is no accident; it is a form of colonization that acts first in our minds, making us forget that other paths exist.<\/p>\n\n\n\n<p>Another point raised was that agroecology has the face of women, both in Africa and in Brazil. They are the guardians of ancestral knowledge and native seeds. It was an invitation to decolonize our thinking and reclaim the autonomy that has always been ours.<\/p>\n\n\n\n<p>Between the speeches of the Assembly sessions, musical performances reminded everyone that culture is also a form of struggle. \u201cChange the system, not the climate\u201d echoed as a reminder of what is truly at stake after this first half.<\/p>\n\n\n\n<h2 class=\"wp-block-heading\" id=\"h-what-remains-from-the-plenary\">What remains from the plenary?<\/h2>\n\n\n\n<p>In the end, the summaries presented gathered the essential points of the People\u2019s Summit discussions and made clear the direction social movements point to for the future. The centrality of life emerged as a non-negotiable commitment, reinforcing that any societal project must place care, well-being, and dignity at the center of decision-making.<\/p>\n\n\n\n<p>It also became clear that popular sovereignty will not come through decree \u2014 it is built in daily life, through the hands of organized people and the practices that emerge from their territories. Along this path, social movements take on the task of confronting and dismantling the structures of the imperialist, colonial, racist, patriarchal, and LGBTQIAPN+phobic system that shapes the inequalities we experience.<\/p>\n\n\n\n<p>The real alternatives discussed in the Assembly will not sprout from official speeches, but from the concrete experience of communities reinventing their ways of living. For this reason, political and economic unity appears as a necessary condition to resist and advance. The horizon is indeed one of struggle, but also one of possible and tangible victories.<\/p>\n\n\n\n<p>And in the end, the closing speeches of the plenary brought precisely this strength: even in the face of violence and attempts at silencing, the people continue to move.<\/p>\n","protected":false},"excerpt":{"rendered":"<p>The assembly highlights grassroots work, autonomy, and popular alternatives as pillars of change<\/p>\n","protected":false},"author":11321,"featured_media":4653331,"comment_status":"closed","ping_status":"closed","sticky":false,"template":"","format":"standard","meta":{"_coblocks_attr":"","_coblocks_dimensions":"","_coblocks_responsive_height":"","_coblocks_accordion_ie_support":"","newspack_ads_suppress_ads":false,"newspack_popups_has_disabled_popups":false,"newspack_sponsor_sponsorship_scope":"","newspack_sponsor_native_byline_display":"inherit","newspack_sponsor_native_category_display":"inherit","newspack_sponsor_underwriter_style":"inherit","newspack_sponsor_underwriter_placement":"inherit","rop_custom_images_group":[],"rop_custom_messages_group":[],"rop_publish_now":"yes","rop_publish_now_accounts":[],"rop_publish_now_history":[],"rop_publish_now_status":"pending","_themeisle_gutenberg_block_has_review":false,"_primary_brand":0,"_newspack_byline_active":false,"_newspack_byline":"","footnotes":""},"categories":[21083,21163],"tags":[],"brand":[],"newspack_spnsrs_tax":[],"marcador_afluente":[14775,21110],"marcador_especial":[21084],"coauthors":[21111],"class_list":["post-4653706","post","type-post","status-publish","format-standard","has-post-thumbnail","hentry","category-meio-ambiente","category-movimentos-sociais","marcador_afluente-casa-ninja-amazonia-en","marcador_afluente-climax-now","marcador_especial-cop30"],"yoast_head":"<!-- This site is optimized with the Yoast SEO Premium plugin v25.2 (Yoast SEO v26.1.1) - https:\/\/yoast.com\/wordpress\/plugins\/seo\/ -->\n<title>Unity, territory, and resistance mark the Assembly of Social Movements - M\u00eddia NINJA<\/title>\n<meta name=\"description\" content=\"The assembly highlights grassroots work, autonomy, and popular alternatives as pillars of change\" \/>\n<meta name=\"robots\" content=\"index, follow, max-snippet:-1, max-image-preview:large, max-video-preview:-1\" \/>\n<link rel=\"canonical\" href=\"https:\/\/midianinja.org\/en\/unidade-territorio-e-resistencia-marcam-a-assembleia-dos-movimentos-sociais\/\" \/>\n<meta property=\"og:locale\" content=\"en_US\" \/>\n<meta property=\"og:type\" content=\"article\" \/>\n<meta property=\"og:title\" content=\"Unity, territory, and resistance mark the Assembly of Social Movements\" \/>\n<meta property=\"og:description\" content=\"The assembly highlights grassroots work, autonomy, and popular alternatives as pillars of change\" \/>\n<meta property=\"og:url\" content=\"https:\/\/midianinja.org\/en\/unidade-territorio-e-resistencia-marcam-a-assembleia-dos-movimentos-sociais\/\" \/>\n<meta property=\"og:site_name\" content=\"M\u00eddia NINJA\" \/>\n<meta property=\"article:publisher\" content=\"https:\/\/www.facebook.com\/MidiaNINJA\" \/>\n<meta property=\"article:published_time\" content=\"2025-11-16T22:06:02+00:00\" \/>\n<meta property=\"article:modified_time\" content=\"2025-11-19T04:16:41+00:00\" \/>\n<meta property=\"og:image\" content=\"https:\/\/midianinja.org\/wp-content\/uploads\/2025\/11\/IMG_20251114_172502_776.jpg\" \/>\n\t<meta property=\"og:image:width\" content=\"1280\" \/>\n\t<meta property=\"og:image:height\" content=\"720\" \/>\n\t<meta property=\"og:image:type\" content=\"image\/jpeg\" \/>\n<meta name=\"author\" content=\"Casa NINJA Amaz\u00f4nia\" \/>\n<meta name=\"twitter:card\" content=\"summary_large_image\" \/>\n<meta name=\"twitter:creator\" content=\"@MidiaNINJA\" \/>\n<meta name=\"twitter:site\" content=\"@MidiaNINJA\" \/>\n<meta name=\"twitter:label1\" content=\"Written by\" \/>\n\t<meta name=\"twitter:data1\" content=\"Casa NINJA Amaz\u00f4nia\" \/>\n\t<meta name=\"twitter:label2\" content=\"Est. reading time\" \/>\n\t<meta name=\"twitter:data2\" content=\"5 minutes\" \/>\n<script type=\"application\/ld+json\" class=\"yoast-schema-graph\">{\"@context\":\"https:\/\/schema.org\",\"@graph\":[{\"@type\":\"Article\",\"@id\":\"https:\/\/midianinja.org\/en\/unidade-territorio-e-resistencia-marcam-a-assembleia-dos-movimentos-sociais\/#article\",\"isPartOf\":{\"@id\":\"https:\/\/midianinja.org\/en\/unidade-territorio-e-resistencia-marcam-a-assembleia-dos-movimentos-sociais\/\"},\"author\":{\"name\":\"Iago Mendes\",\"@id\":\"https:\/\/midianinja.org\/#\/schema\/person\/2f128c515c767e0a4d906630be82dcd4\"},\"headline\":\"Unity, territory, and resistance mark the Assembly of Social Movements\",\"datePublished\":\"2025-11-16T22:06:02+00:00\",\"dateModified\":\"2025-11-19T04:16:41+00:00\",\"mainEntityOfPage\":{\"@id\":\"https:\/\/midianinja.org\/en\/unidade-territorio-e-resistencia-marcam-a-assembleia-dos-movimentos-sociais\/\"},\"wordCount\":783,\"publisher\":{\"@id\":\"https:\/\/midianinja.org\/#organization\"},\"image\":{\"@id\":\"https:\/\/midianinja.org\/en\/unidade-territorio-e-resistencia-marcam-a-assembleia-dos-movimentos-sociais\/#primaryimage\"},\"thumbnailUrl\":\"https:\/\/midianinja.org\/wp-content\/uploads\/2025\/11\/IMG_20251114_172502_776.jpg\",\"articleSection\":[\"Meio Ambiente\",\"Movimentos Sociais\"],\"inLanguage\":\"en-US\"},{\"@type\":\"WebPage\",\"@id\":\"https:\/\/midianinja.org\/en\/unidade-territorio-e-resistencia-marcam-a-assembleia-dos-movimentos-sociais\/\",\"url\":\"https:\/\/midianinja.org\/en\/unidade-territorio-e-resistencia-marcam-a-assembleia-dos-movimentos-sociais\/\",\"name\":\"Unity, territory, and resistance mark the Assembly of Social Movements - M\u00eddia NINJA\",\"isPartOf\":{\"@id\":\"https:\/\/midianinja.org\/#website\"},\"primaryImageOfPage\":{\"@id\":\"https:\/\/midianinja.org\/en\/unidade-territorio-e-resistencia-marcam-a-assembleia-dos-movimentos-sociais\/#primaryimage\"},\"image\":{\"@id\":\"https:\/\/midianinja.org\/en\/unidade-territorio-e-resistencia-marcam-a-assembleia-dos-movimentos-sociais\/#primaryimage\"},\"thumbnailUrl\":\"https:\/\/midianinja.org\/wp-content\/uploads\/2025\/11\/IMG_20251114_172502_776.jpg\",\"datePublished\":\"2025-11-16T22:06:02+00:00\",\"dateModified\":\"2025-11-19T04:16:41+00:00\",\"description\":\"The assembly highlights grassroots work, autonomy, and popular alternatives as pillars of change\",\"breadcrumb\":{\"@id\":\"https:\/\/midianinja.org\/en\/unidade-territorio-e-resistencia-marcam-a-assembleia-dos-movimentos-sociais\/#breadcrumb\"},\"inLanguage\":\"en-US\",\"potentialAction\":[{\"@type\":\"ReadAction\",\"target\":[\"https:\/\/midianinja.org\/en\/unidade-territorio-e-resistencia-marcam-a-assembleia-dos-movimentos-sociais\/\"]}]},{\"@type\":\"ImageObject\",\"inLanguage\":\"en-US\",\"@id\":\"https:\/\/midianinja.org\/en\/unidade-territorio-e-resistencia-marcam-a-assembleia-dos-movimentos-sociais\/#primaryimage\",\"url\":\"https:\/\/midianinja.org\/wp-content\/uploads\/2025\/11\/IMG_20251114_172502_776.jpg\",\"contentUrl\":\"https:\/\/midianinja.org\/wp-content\/uploads\/2025\/11\/IMG_20251114_172502_776.jpg\",\"width\":1280,\"height\":720,\"caption\":\"Foto: Janayna Rodrigues\"},{\"@type\":\"BreadcrumbList\",\"@id\":\"https:\/\/midianinja.org\/en\/unidade-territorio-e-resistencia-marcam-a-assembleia-dos-movimentos-sociais\/#breadcrumb\",\"itemListElement\":[{\"@type\":\"ListItem\",\"position\":1,\"name\":\"In\u00edcio\",\"item\":\"https:\/\/midianinja.org\/en\/home-ninja-2024-en\/\"},{\"@type\":\"ListItem\",\"position\":2,\"name\":\"Unity, territory, and resistance mark the Assembly of Social Movements\"}]},{\"@type\":\"WebSite\",\"@id\":\"https:\/\/midianinja.org\/#website\",\"url\":\"https:\/\/midianinja.org\/\",\"name\":\"M\u00eddia NINJA\",\"description\":\"Not\u00edcias, opini\u00e3o e jornalismo de urg\u00eancia.\",\"publisher\":{\"@id\":\"https:\/\/midianinja.org\/#organization\"},\"potentialAction\":[{\"@type\":\"SearchAction\",\"target\":{\"@type\":\"EntryPoint\",\"urlTemplate\":\"https:\/\/midianinja.org\/?s={search_term_string}\"},\"query-input\":{\"@type\":\"PropertyValueSpecification\",\"valueRequired\":true,\"valueName\":\"search_term_string\"}}],\"inLanguage\":\"en-US\"},{\"@type\":\"Organization\",\"@id\":\"https:\/\/midianinja.org\/#organization\",\"name\":\"M\u00eddia NINJA\",\"url\":\"https:\/\/midianinja.org\/\",\"logo\":{\"@type\":\"ImageObject\",\"inLanguage\":\"en-US\",\"@id\":\"https:\/\/midianinja.org\/#\/schema\/logo\/image\/\",\"url\":\"https:\/\/midianinja.org\/wp-content\/uploads\/2022\/11\/ninja-logo-preto-1.png\",\"contentUrl\":\"https:\/\/midianinja.org\/wp-content\/uploads\/2022\/11\/ninja-logo-preto-1.png\",\"width\":90,\"height\":60,\"caption\":\"M\u00eddia NINJA\"},\"image\":{\"@id\":\"https:\/\/midianinja.org\/#\/schema\/logo\/image\/\"},\"sameAs\":[\"https:\/\/www.facebook.com\/MidiaNINJA\",\"https:\/\/x.com\/MidiaNINJA\",\"https:\/\/www.instagram.com\/midianinja\/\"]},{\"@type\":\"Person\",\"@id\":\"https:\/\/midianinja.org\/#\/schema\/person\/2f128c515c767e0a4d906630be82dcd4\",\"name\":\"Iago Mendes\",\"image\":{\"@type\":\"ImageObject\",\"inLanguage\":\"en-US\",\"@id\":\"https:\/\/midianinja.org\/#\/schema\/person\/image\/20fdc6fe735719e27245003f7169b189\",\"url\":\"https:\/\/secure.gravatar.com\/avatar\/83c1d0ae028e5a3a8a7b10878afc94a287d2dfd84747fa8c78858732a82057f4?s=96&d=mm&r=g\",\"contentUrl\":\"https:\/\/secure.gravatar.com\/avatar\/83c1d0ae028e5a3a8a7b10878afc94a287d2dfd84747fa8c78858732a82057f4?s=96&d=mm&r=g\",\"caption\":\"Iago Mendes\"},\"url\":\"https:\/\/midianinja.org\/en\/author\/iagomendes\/\"}]}<\/script>\n<!-- \/ Yoast SEO Premium plugin. -->","yoast_head_json":{"title":"Unity, territory, and resistance mark the Assembly of Social Movements - M\u00eddia NINJA","description":"The assembly highlights grassroots work, autonomy, and popular alternatives as pillars of change","robots":{"index":"index","follow":"follow","max-snippet":"max-snippet:-1","max-image-preview":"max-image-preview:large","max-video-preview":"max-video-preview:-1"},"canonical":"https:\/\/midianinja.org\/en\/unidade-territorio-e-resistencia-marcam-a-assembleia-dos-movimentos-sociais\/","og_locale":"en_US","og_type":"article","og_title":"Unity, territory, and resistance mark the Assembly of Social Movements","og_description":"The assembly highlights grassroots work, autonomy, and popular alternatives as pillars of change","og_url":"https:\/\/midianinja.org\/en\/unidade-territorio-e-resistencia-marcam-a-assembleia-dos-movimentos-sociais\/","og_site_name":"M\u00eddia NINJA","article_publisher":"https:\/\/www.facebook.com\/MidiaNINJA","article_published_time":"2025-11-16T22:06:02+00:00","article_modified_time":"2025-11-19T04:16:41+00:00","og_image":[{"width":1280,"height":720,"url":"https:\/\/midianinja.org\/wp-content\/uploads\/2025\/11\/IMG_20251114_172502_776.jpg","type":"image\/jpeg"}],"author":"Casa NINJA Amaz\u00f4nia","twitter_card":"summary_large_image","twitter_creator":"@MidiaNINJA","twitter_site":"@MidiaNINJA","twitter_misc":{"Written by":"Casa NINJA Amaz\u00f4nia","Est. reading time":"5 minutes"},"schema":{"@context":"https:\/\/schema.org","@graph":[{"@type":"Article","@id":"https:\/\/midianinja.org\/en\/unidade-territorio-e-resistencia-marcam-a-assembleia-dos-movimentos-sociais\/#article","isPartOf":{"@id":"https:\/\/midianinja.org\/en\/unidade-territorio-e-resistencia-marcam-a-assembleia-dos-movimentos-sociais\/"},"author":{"name":"Iago Mendes","@id":"https:\/\/midianinja.org\/#\/schema\/person\/2f128c515c767e0a4d906630be82dcd4"},"headline":"Unity, territory, and resistance mark the Assembly of Social Movements","datePublished":"2025-11-16T22:06:02+00:00","dateModified":"2025-11-19T04:16:41+00:00","mainEntityOfPage":{"@id":"https:\/\/midianinja.org\/en\/unidade-territorio-e-resistencia-marcam-a-assembleia-dos-movimentos-sociais\/"},"wordCount":783,"publisher":{"@id":"https:\/\/midianinja.org\/#organization"},"image":{"@id":"https:\/\/midianinja.org\/en\/unidade-territorio-e-resistencia-marcam-a-assembleia-dos-movimentos-sociais\/#primaryimage"},"thumbnailUrl":"https:\/\/midianinja.org\/wp-content\/uploads\/2025\/11\/IMG_20251114_172502_776.jpg","articleSection":["Meio Ambiente","Movimentos Sociais"],"inLanguage":"en-US"},{"@type":"WebPage","@id":"https:\/\/midianinja.org\/en\/unidade-territorio-e-resistencia-marcam-a-assembleia-dos-movimentos-sociais\/","url":"https:\/\/midianinja.org\/en\/unidade-territorio-e-resistencia-marcam-a-assembleia-dos-movimentos-sociais\/","name":"Unity, territory, and resistance mark the Assembly of Social Movements - M\u00eddia NINJA","isPartOf":{"@id":"https:\/\/midianinja.org\/#website"},"primaryImageOfPage":{"@id":"https:\/\/midianinja.org\/en\/unidade-territorio-e-resistencia-marcam-a-assembleia-dos-movimentos-sociais\/#primaryimage"},"image":{"@id":"https:\/\/midianinja.org\/en\/unidade-territorio-e-resistencia-marcam-a-assembleia-dos-movimentos-sociais\/#primaryimage"},"thumbnailUrl":"https:\/\/midianinja.org\/wp-content\/uploads\/2025\/11\/IMG_20251114_172502_776.jpg","datePublished":"2025-11-16T22:06:02+00:00","dateModified":"2025-11-19T04:16:41+00:00","description":"The assembly highlights grassroots work, autonomy, and popular alternatives as pillars of change","breadcrumb":{"@id":"https:\/\/midianinja.org\/en\/unidade-territorio-e-resistencia-marcam-a-assembleia-dos-movimentos-sociais\/#breadcrumb"},"inLanguage":"en-US","potentialAction":[{"@type":"ReadAction","target":["https:\/\/midianinja.org\/en\/unidade-territorio-e-resistencia-marcam-a-assembleia-dos-movimentos-sociais\/"]}]},{"@type":"ImageObject","inLanguage":"en-US","@id":"https:\/\/midianinja.org\/en\/unidade-territorio-e-resistencia-marcam-a-assembleia-dos-movimentos-sociais\/#primaryimage","url":"https:\/\/midianinja.org\/wp-content\/uploads\/2025\/11\/IMG_20251114_172502_776.jpg","contentUrl":"https:\/\/midianinja.org\/wp-content\/uploads\/2025\/11\/IMG_20251114_172502_776.jpg","width":1280,"height":720,"caption":"Foto: Janayna Rodrigues"},{"@type":"BreadcrumbList","@id":"https:\/\/midianinja.org\/en\/unidade-territorio-e-resistencia-marcam-a-assembleia-dos-movimentos-sociais\/#breadcrumb","itemListElement":[{"@type":"ListItem","position":1,"name":"In\u00edcio","item":"https:\/\/midianinja.org\/en\/home-ninja-2024-en\/"},{"@type":"ListItem","position":2,"name":"Unity, territory, and resistance mark the Assembly of Social Movements"}]},{"@type":"WebSite","@id":"https:\/\/midianinja.org\/#website","url":"https:\/\/midianinja.org\/","name":"M\u00eddia NINJA","description":"Not\u00edcias, opini\u00e3o e jornalismo de urg\u00eancia.","publisher":{"@id":"https:\/\/midianinja.org\/#organization"},"potentialAction":[{"@type":"SearchAction","target":{"@type":"EntryPoint","urlTemplate":"https:\/\/midianinja.org\/?s={search_term_string}"},"query-input":{"@type":"PropertyValueSpecification","valueRequired":true,"valueName":"search_term_string"}}],"inLanguage":"en-US"},{"@type":"Organization","@id":"https:\/\/midianinja.org\/#organization","name":"M\u00eddia NINJA","url":"https:\/\/midianinja.org\/","logo":{"@type":"ImageObject","inLanguage":"en-US","@id":"https:\/\/midianinja.org\/#\/schema\/logo\/image\/","url":"https:\/\/midianinja.org\/wp-content\/uploads\/2022\/11\/ninja-logo-preto-1.png","contentUrl":"https:\/\/midianinja.org\/wp-content\/uploads\/2022\/11\/ninja-logo-preto-1.png","width":90,"height":60,"caption":"M\u00eddia NINJA"},"image":{"@id":"https:\/\/midianinja.org\/#\/schema\/logo\/image\/"},"sameAs":["https:\/\/www.facebook.com\/MidiaNINJA","https:\/\/x.com\/MidiaNINJA","https:\/\/www.instagram.com\/midianinja\/"]},{"@type":"Person","@id":"https:\/\/midianinja.org\/#\/schema\/person\/2f128c515c767e0a4d906630be82dcd4","name":"Iago Mendes","image":{"@type":"ImageObject","inLanguage":"en-US","@id":"https:\/\/midianinja.org\/#\/schema\/person\/image\/20fdc6fe735719e27245003f7169b189","url":"https:\/\/secure.gravatar.com\/avatar\/83c1d0ae028e5a3a8a7b10878afc94a287d2dfd84747fa8c78858732a82057f4?s=96&d=mm&r=g","contentUrl":"https:\/\/secure.gravatar.com\/avatar\/83c1d0ae028e5a3a8a7b10878afc94a287d2dfd84747fa8c78858732a82057f4?s=96&d=mm&r=g","caption":"Iago Mendes"},"url":"https:\/\/midianinja.org\/en\/author\/iagomendes\/"}]}},"main_category":{"link":"https:\/\/midianinja.org\/category\/politica\/movimentos-sociais\/","name":"Movimentos Sociais","slug":"movimentos-sociais"},"_links":{"self":[{"href":"https:\/\/midianinja.org\/en\/wp-json\/wp\/v2\/posts\/4653706","targetHints":{"allow":["GET"]}}],"collection":[{"href":"https:\/\/midianinja.org\/en\/wp-json\/wp\/v2\/posts"}],"about":[{"href":"https:\/\/midianinja.org\/en\/wp-json\/wp\/v2\/types\/post"}],"author":[{"embeddable":true,"href":"https:\/\/midianinja.org\/en\/wp-json\/wp\/v2\/users\/11321"}],"replies":[{"embeddable":true,"href":"https:\/\/midianinja.org\/en\/wp-json\/wp\/v2\/comments?post=4653706"}],"version-history":[{"count":1,"href":"https:\/\/midianinja.org\/en\/wp-json\/wp\/v2\/posts\/4653706\/revisions"}],"predecessor-version":[{"id":4653709,"href":"https:\/\/midianinja.org\/en\/wp-json\/wp\/v2\/posts\/4653706\/revisions\/4653709"}],"wp:featuredmedia":[{"embeddable":true,"href":"https:\/\/midianinja.org\/en\/wp-json\/wp\/v2\/media\/4653331"}],"wp:attachment":[{"href":"https:\/\/midianinja.org\/en\/wp-json\/wp\/v2\/media?parent=4653706"}],"wp:term":[{"taxonomy":"category","embeddable":true,"href":"https:\/\/midianinja.org\/en\/wp-json\/wp\/v2\/categories?post=4653706"},{"taxonomy":"post_tag","embeddable":true,"href":"https:\/\/midianinja.org\/en\/wp-json\/wp\/v2\/tags?post=4653706"},{"taxonomy":"brand","embeddable":true,"href":"https:\/\/midianinja.org\/en\/wp-json\/wp\/v2\/brand?post=4653706"},{"taxonomy":"newspack_spnsrs_tax","embeddable":true,"href":"https:\/\/midianinja.org\/en\/wp-json\/wp\/v2\/newspack_spnsrs_tax?post=4653706"},{"taxonomy":"marcador_afluente","embeddable":true,"href":"https:\/\/midianinja.org\/en\/wp-json\/wp\/v2\/marcador_afluente?post=4653706"},{"taxonomy":"marcador_especial","embeddable":true,"href":"https:\/\/midianinja.org\/en\/wp-json\/wp\/v2\/marcador_especial?post=4653706"},{"taxonomy":"author","embeddable":true,"href":"https:\/\/midianinja.org\/en\/wp-json\/wp\/v2\/coauthors?post=4653706"}],"curies":[{"name":"wp","href":"https:\/\/api.w.org\/{rel}","templated":true}]}}