{"id":4610147,"date":"2025-10-30T18:51:22","date_gmt":"2025-10-30T21:51:22","guid":{"rendered":"https:\/\/midianinja.org\/com-cultura-ancestral-e-gestao-sustentavel-o-povo-tikuna-enfrenta-ameacas-e-protege-a-floresta-na-colombia\/"},"modified":"2025-11-04T11:12:05","modified_gmt":"2025-11-04T14:12:05","slug":"com-cultura-ancestral-e-gestao-sustentavel-o-povo-tikuna-enfrenta-ameacas-e-protege-a-floresta-na-colombia","status":"publish","type":"post","link":"https:\/\/midianinja.org\/en\/com-cultura-ancestral-e-gestao-sustentavel-o-povo-tikuna-enfrenta-ameacas-e-protege-a-floresta-na-colombia\/","title":{"rendered":"With Ancestral Culture and Sustainable Management, the Tikuna People Face Threats and Protect the Forest in Colombia"},"content":{"rendered":"\n<p>In San Juan Barranco, a community located in the Colombian Amazon Trapezium, the Tikuna people lead environmental protection initiatives rooted in their traditional knowledge and steadfast territorial defense. Amid the pressures of extractive activities and environmental degradation, this Indigenous community has developed strategies for the sustainable management of natural resources and the preservation of their cultural heritage.<\/p>\n\n\n\n<p>For the Tikuna, the forest is home \u2014 a source of food, medicine, and spirituality. This relationship is expressed through practices of responsible resource use, such as the sustainable fishing of more than a hundred species, regulated hunting and gathering, and the recovery of native plants like the caran\u00e1 palm, used in the construction of traditional houses that provide better thermal and environmental conditions.<\/p>\n\n\n\n<p>Among the main threats are plastic and waste pollution, as well as illegal logging, which harm the rivers and forests surrounding the territory. In response, the community has strengthened its internal organization and begun incorporating technologies such as mobile phones to document environmental and cultural practices and pass them on to younger generations. Tikuna environmental monitors use cell phones, GPS, and satellite imagery to record journeys for collecting materials \u2014 such as chambira fiber, \u201cpalo sangre\u201d wood, and topa \u2014 as well as traditional festivities like the <em>Pelaz\u00f3n<\/em>, ensuring that this legacy continues to live on. (Environmental News)<\/p>\n\n\n\n<p><\/p>\n\n\n\n<figure class=\"wp-block-gallery has-nested-images columns-default is-cropped wp-block-gallery-1 is-layout-flex wp-block-gallery-is-layout-flex\">\n<figure class=\"wp-block-image size-large\"><img data-dominant-color=\"6b5d50\" data-has-transparency=\"false\" style=\"--dominant-color: #6b5d50;\" loading=\"lazy\" decoding=\"async\" width=\"750\" height=\"750\" sizes=\"auto, (max-width: 750px) 100vw, 750px\" data-id=\"4609825\" src=\"https:\/\/midianinja.org\/wp-content\/uploads\/2025\/10\/photo_2025-10-30_17-44-43-7-750x750.jpg\" alt=\"\" class=\"wp-image-4609825 not-transparent\" srcset=\"https:\/\/midianinja.org\/wp-content\/uploads\/2025\/10\/photo_2025-10-30_17-44-43-7-750x750.jpg 750w, https:\/\/midianinja.org\/wp-content\/uploads\/2025\/10\/photo_2025-10-30_17-44-43-7-300x300.jpg 300w, https:\/\/midianinja.org\/wp-content\/uploads\/2025\/10\/photo_2025-10-30_17-44-43-7-150x150.jpg 150w, https:\/\/midianinja.org\/wp-content\/uploads\/2025\/10\/photo_2025-10-30_17-44-43-7-768x768.jpg 768w, https:\/\/midianinja.org\/wp-content\/uploads\/2025\/10\/photo_2025-10-30_17-44-43-7-1200x1200.jpg 1200w, https:\/\/midianinja.org\/wp-content\/uploads\/2025\/10\/photo_2025-10-30_17-44-43-7-800x800.jpg 800w, https:\/\/midianinja.org\/wp-content\/uploads\/2025\/10\/photo_2025-10-30_17-44-43-7-600x600.jpg 600w, https:\/\/midianinja.org\/wp-content\/uploads\/2025\/10\/photo_2025-10-30_17-44-43-7-400x400.jpg 400w, https:\/\/midianinja.org\/wp-content\/uploads\/2025\/10\/photo_2025-10-30_17-44-43-7-200x200.jpg 200w, https:\/\/midianinja.org\/wp-content\/uploads\/2025\/10\/photo_2025-10-30_17-44-43-7.jpg 1440w\" \/><\/figure>\n\n\n\n<figure class=\"wp-block-image size-large\"><img data-dominant-color=\"70574c\" data-has-transparency=\"false\" style=\"--dominant-color: #70574c;\" loading=\"lazy\" decoding=\"async\" width=\"750\" height=\"750\" sizes=\"auto, (max-width: 750px) 100vw, 750px\" data-id=\"4609828\" src=\"https:\/\/midianinja.org\/wp-content\/uploads\/2025\/10\/photo_2025-10-30_17-44-43-6-750x750.jpg\" alt=\"\" class=\"wp-image-4609828 not-transparent\" srcset=\"https:\/\/midianinja.org\/wp-content\/uploads\/2025\/10\/photo_2025-10-30_17-44-43-6-750x750.jpg 750w, https:\/\/midianinja.org\/wp-content\/uploads\/2025\/10\/photo_2025-10-30_17-44-43-6-300x300.jpg 300w, https:\/\/midianinja.org\/wp-content\/uploads\/2025\/10\/photo_2025-10-30_17-44-43-6-150x150.jpg 150w, https:\/\/midianinja.org\/wp-content\/uploads\/2025\/10\/photo_2025-10-30_17-44-43-6-768x768.jpg 768w, https:\/\/midianinja.org\/wp-content\/uploads\/2025\/10\/photo_2025-10-30_17-44-43-6-1200x1200.jpg 1200w, https:\/\/midianinja.org\/wp-content\/uploads\/2025\/10\/photo_2025-10-30_17-44-43-6-800x800.jpg 800w, https:\/\/midianinja.org\/wp-content\/uploads\/2025\/10\/photo_2025-10-30_17-44-43-6-600x600.jpg 600w, https:\/\/midianinja.org\/wp-content\/uploads\/2025\/10\/photo_2025-10-30_17-44-43-6-400x400.jpg 400w, https:\/\/midianinja.org\/wp-content\/uploads\/2025\/10\/photo_2025-10-30_17-44-43-6-200x200.jpg 200w, https:\/\/midianinja.org\/wp-content\/uploads\/2025\/10\/photo_2025-10-30_17-44-43-6.jpg 1440w\" \/><\/figure>\n\n\n\n<figure class=\"wp-block-image size-large\"><img data-dominant-color=\"715f4c\" data-has-transparency=\"false\" style=\"--dominant-color: #715f4c;\" loading=\"lazy\" decoding=\"async\" width=\"750\" height=\"750\" sizes=\"auto, (max-width: 750px) 100vw, 750px\" data-id=\"4609831\" src=\"https:\/\/midianinja.org\/wp-content\/uploads\/2025\/10\/photo_2025-10-30_17-44-43-5-750x750.jpg\" alt=\"\" class=\"wp-image-4609831 not-transparent\" srcset=\"https:\/\/midianinja.org\/wp-content\/uploads\/2025\/10\/photo_2025-10-30_17-44-43-5-750x750.jpg 750w, https:\/\/midianinja.org\/wp-content\/uploads\/2025\/10\/photo_2025-10-30_17-44-43-5-300x300.jpg 300w, https:\/\/midianinja.org\/wp-content\/uploads\/2025\/10\/photo_2025-10-30_17-44-43-5-150x150.jpg 150w, https:\/\/midianinja.org\/wp-content\/uploads\/2025\/10\/photo_2025-10-30_17-44-43-5-768x768.jpg 768w, https:\/\/midianinja.org\/wp-content\/uploads\/2025\/10\/photo_2025-10-30_17-44-43-5-1200x1200.jpg 1200w, https:\/\/midianinja.org\/wp-content\/uploads\/2025\/10\/photo_2025-10-30_17-44-43-5-800x800.jpg 800w, https:\/\/midianinja.org\/wp-content\/uploads\/2025\/10\/photo_2025-10-30_17-44-43-5-600x600.jpg 600w, https:\/\/midianinja.org\/wp-content\/uploads\/2025\/10\/photo_2025-10-30_17-44-43-5-400x400.jpg 400w, https:\/\/midianinja.org\/wp-content\/uploads\/2025\/10\/photo_2025-10-30_17-44-43-5-200x200.jpg 200w, https:\/\/midianinja.org\/wp-content\/uploads\/2025\/10\/photo_2025-10-30_17-44-43-5.jpg 1440w\" \/><\/figure>\n\n\n\n<figure class=\"wp-block-image size-large\"><img data-dominant-color=\"9d7d5e\" data-has-transparency=\"false\" style=\"--dominant-color: #9d7d5e;\" loading=\"lazy\" decoding=\"async\" width=\"750\" height=\"750\" sizes=\"auto, (max-width: 750px) 100vw, 750px\" data-id=\"4609837\" src=\"https:\/\/midianinja.org\/wp-content\/uploads\/2025\/10\/photo_2025-10-30_17-44-43-3-750x750.jpg\" alt=\"\" class=\"wp-image-4609837 not-transparent\" srcset=\"https:\/\/midianinja.org\/wp-content\/uploads\/2025\/10\/photo_2025-10-30_17-44-43-3-750x750.jpg 750w, https:\/\/midianinja.org\/wp-content\/uploads\/2025\/10\/photo_2025-10-30_17-44-43-3-300x300.jpg 300w, https:\/\/midianinja.org\/wp-content\/uploads\/2025\/10\/photo_2025-10-30_17-44-43-3-150x150.jpg 150w, https:\/\/midianinja.org\/wp-content\/uploads\/2025\/10\/photo_2025-10-30_17-44-43-3-768x768.jpg 768w, https:\/\/midianinja.org\/wp-content\/uploads\/2025\/10\/photo_2025-10-30_17-44-43-3-1200x1200.jpg 1200w, https:\/\/midianinja.org\/wp-content\/uploads\/2025\/10\/photo_2025-10-30_17-44-43-3-800x800.jpg 800w, https:\/\/midianinja.org\/wp-content\/uploads\/2025\/10\/photo_2025-10-30_17-44-43-3-600x600.jpg 600w, https:\/\/midianinja.org\/wp-content\/uploads\/2025\/10\/photo_2025-10-30_17-44-43-3-400x400.jpg 400w, https:\/\/midianinja.org\/wp-content\/uploads\/2025\/10\/photo_2025-10-30_17-44-43-3-200x200.jpg 200w, https:\/\/midianinja.org\/wp-content\/uploads\/2025\/10\/photo_2025-10-30_17-44-43-3.jpg 1440w\" \/><\/figure>\n\n\n\n<figure class=\"wp-block-image size-large\"><img data-dominant-color=\"927a5f\" data-has-transparency=\"false\" style=\"--dominant-color: #927a5f;\" loading=\"lazy\" decoding=\"async\" width=\"750\" height=\"750\" sizes=\"auto, (max-width: 750px) 100vw, 750px\" data-id=\"4609834\" src=\"https:\/\/midianinja.org\/wp-content\/uploads\/2025\/10\/photo_2025-10-30_17-44-43-4-750x750.jpg\" alt=\"\" class=\"wp-image-4609834 not-transparent\" srcset=\"https:\/\/midianinja.org\/wp-content\/uploads\/2025\/10\/photo_2025-10-30_17-44-43-4-750x750.jpg 750w, https:\/\/midianinja.org\/wp-content\/uploads\/2025\/10\/photo_2025-10-30_17-44-43-4-300x300.jpg 300w, https:\/\/midianinja.org\/wp-content\/uploads\/2025\/10\/photo_2025-10-30_17-44-43-4-150x150.jpg 150w, https:\/\/midianinja.org\/wp-content\/uploads\/2025\/10\/photo_2025-10-30_17-44-43-4-768x768.jpg 768w, https:\/\/midianinja.org\/wp-content\/uploads\/2025\/10\/photo_2025-10-30_17-44-43-4-1200x1200.jpg 1200w, https:\/\/midianinja.org\/wp-content\/uploads\/2025\/10\/photo_2025-10-30_17-44-43-4-800x800.jpg 800w, https:\/\/midianinja.org\/wp-content\/uploads\/2025\/10\/photo_2025-10-30_17-44-43-4-600x600.jpg 600w, https:\/\/midianinja.org\/wp-content\/uploads\/2025\/10\/photo_2025-10-30_17-44-43-4-400x400.jpg 400w, https:\/\/midianinja.org\/wp-content\/uploads\/2025\/10\/photo_2025-10-30_17-44-43-4-200x200.jpg 200w, https:\/\/midianinja.org\/wp-content\/uploads\/2025\/10\/photo_2025-10-30_17-44-43-4.jpg 1440w\" \/><\/figure>\n\n\n\n<figure class=\"wp-block-image size-large\"><img data-dominant-color=\"958450\" data-has-transparency=\"false\" style=\"--dominant-color: #958450;\" loading=\"lazy\" decoding=\"async\" width=\"750\" height=\"750\" sizes=\"auto, (max-width: 750px) 100vw, 750px\" data-id=\"4609840\" src=\"https:\/\/midianinja.org\/wp-content\/uploads\/2025\/10\/photo_2025-10-30_17-44-43-2-750x750.jpg\" alt=\"\" class=\"wp-image-4609840 not-transparent\" srcset=\"https:\/\/midianinja.org\/wp-content\/uploads\/2025\/10\/photo_2025-10-30_17-44-43-2-750x750.jpg 750w, https:\/\/midianinja.org\/wp-content\/uploads\/2025\/10\/photo_2025-10-30_17-44-43-2-300x300.jpg 300w, https:\/\/midianinja.org\/wp-content\/uploads\/2025\/10\/photo_2025-10-30_17-44-43-2-150x150.jpg 150w, https:\/\/midianinja.org\/wp-content\/uploads\/2025\/10\/photo_2025-10-30_17-44-43-2-768x768.jpg 768w, https:\/\/midianinja.org\/wp-content\/uploads\/2025\/10\/photo_2025-10-30_17-44-43-2-1200x1200.jpg 1200w, https:\/\/midianinja.org\/wp-content\/uploads\/2025\/10\/photo_2025-10-30_17-44-43-2-800x800.jpg 800w, https:\/\/midianinja.org\/wp-content\/uploads\/2025\/10\/photo_2025-10-30_17-44-43-2-600x600.jpg 600w, https:\/\/midianinja.org\/wp-content\/uploads\/2025\/10\/photo_2025-10-30_17-44-43-2-400x400.jpg 400w, https:\/\/midianinja.org\/wp-content\/uploads\/2025\/10\/photo_2025-10-30_17-44-43-2-200x200.jpg 200w, https:\/\/midianinja.org\/wp-content\/uploads\/2025\/10\/photo_2025-10-30_17-44-43-2.jpg 1440w\" \/><\/figure>\n<\/figure>\n\n\n\n<p>Photos: Yaku Mama Collaborative Coverage<\/p>\n\n\n\n<p>Another key aspect is the leadership of Tikuna women, who have taken on prominent roles in environmental management and territorial defense. Their work is essential to cultural revitalization and the strengthening of community bonds.<\/p>\n\n\n\n<p>The experience of the Tikuna people in San Juan Barranco stands as an example of local resilience and governance in the face of environmental threats. Their practices demonstrate how Indigenous knowledge, combined with technological tools, can contribute to the conservation of the Amazon \u2014 especially at a crucial moment for the protection of the planet\u2019s ecosystems.<\/p>\n\n\n\n<p><\/p>\n\n\n\n<p><\/p>\n\n\n\n<p><em>*This content is part of the special travel diary of the Yaku Mama Fleet on its journey to COP30.<\/em><\/p>\n\n\n\n<p><\/p>\n","protected":false},"excerpt":{"rendered":"<p>Monitores ambientais das comunidades nativas Tikuna utilizam celulares para registrar suas festividades, costumes e o trabalho que realizam na elabora\u00e7\u00e3o de seus artesanatos.<\/p>\n","protected":false},"author":11304,"featured_media":4609845,"comment_status":"closed","ping_status":"closed","sticky":false,"template":"","format":"standard","meta":{"_coblocks_attr":"","_coblocks_dimensions":"","_coblocks_responsive_height":"","_coblocks_accordion_ie_support":"","newspack_ads_suppress_ads":false,"newspack_popups_has_disabled_popups":false,"newspack_sponsor_sponsorship_scope":"","newspack_sponsor_native_byline_display":"inherit","newspack_sponsor_native_category_display":"inherit","newspack_sponsor_underwriter_style":"inherit","newspack_sponsor_underwriter_placement":"inherit","rop_custom_images_group":[],"rop_custom_messages_group":[],"rop_publish_now":"yes","rop_publish_now_accounts":[],"rop_publish_now_history":[],"rop_publish_now_status":"pending","_themeisle_gutenberg_block_has_review":false,"_primary_brand":0,"_newspack_byline_active":false,"_newspack_byline":"","footnotes":""},"categories":[1296],"tags":[21114,21115,21116],"brand":[],"newspack_spnsrs_tax":[],"marcador_afluente":[14775],"marcador_especial":[21084,21117],"coauthors":[18500],"class_list":["post-4610147","post","type-post","status-publish","format-standard","has-post-thumbnail","hentry","category-internacional","tag-cop30","tag-flotilha","tag-indigenas","marcador_afluente-casa-ninja-amazonia-en","marcador_especial-cop30","marcador_especial-flotilha-indigena"],"yoast_head":"<!-- This site is optimized with the Yoast SEO Premium plugin v25.2 (Yoast SEO v26.1.1) - https:\/\/yoast.com\/wordpress\/plugins\/seo\/ -->\n<title>With Ancestral Culture and Sustainable Management, the Tikuna People Face Threats and Protect the Forest in Colombia - M\u00eddia NINJA<\/title>\n<meta name=\"description\" content=\"Monitores ambientais das comunidades nativas Tikuna utilizam celulares para registrar suas festividades, costumes e o trabalho que realizam na elabora\u00e7\u00e3o de seus artesanatos.\" \/>\n<meta name=\"robots\" content=\"index, follow, max-snippet:-1, max-image-preview:large, max-video-preview:-1\" \/>\n<link rel=\"canonical\" href=\"https:\/\/midianinja.org\/en\/com-cultura-ancestral-e-gestao-sustentavel-o-povo-tikuna-enfrenta-ameacas-e-protege-a-floresta-na-colombia\/\" \/>\n<meta property=\"og:locale\" content=\"en_US\" \/>\n<meta property=\"og:type\" content=\"article\" \/>\n<meta property=\"og:title\" content=\"With Ancestral Culture and Sustainable Management, the Tikuna People Face Threats and Protect the Forest in Colombia\" \/>\n<meta property=\"og:description\" content=\"Monitores ambientais das comunidades nativas Tikuna utilizam celulares para registrar suas festividades, costumes e o trabalho que realizam na elabora\u00e7\u00e3o de seus artesanatos.\" \/>\n<meta property=\"og:url\" content=\"https:\/\/midianinja.org\/en\/com-cultura-ancestral-e-gestao-sustentavel-o-povo-tikuna-enfrenta-ameacas-e-protege-a-floresta-na-colombia\/\" \/>\n<meta property=\"og:site_name\" content=\"M\u00eddia NINJA\" \/>\n<meta property=\"article:publisher\" content=\"https:\/\/www.facebook.com\/MidiaNINJA\" \/>\n<meta property=\"article:published_time\" content=\"2025-10-30T21:51:22+00:00\" \/>\n<meta property=\"article:modified_time\" content=\"2025-11-04T14:12:05+00:00\" \/>\n<meta property=\"og:image\" content=\"https:\/\/midianinja.org\/wp-content\/uploads\/2025\/10\/photo_2025-10-30_17-44-43.jpg\" \/>\n\t<meta property=\"og:image:width\" content=\"1440\" \/>\n\t<meta property=\"og:image:height\" content=\"1440\" \/>\n\t<meta property=\"og:image:type\" content=\"image\/jpeg\" \/>\n<meta name=\"author\" content=\"Emergentes\" \/>\n<meta name=\"twitter:card\" content=\"summary_large_image\" \/>\n<meta name=\"twitter:creator\" content=\"@MidiaNINJA\" \/>\n<meta name=\"twitter:site\" content=\"@MidiaNINJA\" \/>\n<meta name=\"twitter:label1\" content=\"Written by\" \/>\n\t<meta name=\"twitter:data1\" content=\"Emergentes\" \/>\n\t<meta name=\"twitter:label2\" content=\"Est. reading time\" \/>\n\t<meta name=\"twitter:data2\" content=\"4 minutes\" \/>\n<script type=\"application\/ld+json\" class=\"yoast-schema-graph\">{\"@context\":\"https:\/\/schema.org\",\"@graph\":[{\"@type\":\"Article\",\"@id\":\"https:\/\/midianinja.org\/en\/com-cultura-ancestral-e-gestao-sustentavel-o-povo-tikuna-enfrenta-ameacas-e-protege-a-floresta-na-colombia\/#article\",\"isPartOf\":{\"@id\":\"https:\/\/midianinja.org\/en\/com-cultura-ancestral-e-gestao-sustentavel-o-povo-tikuna-enfrenta-ameacas-e-protege-a-floresta-na-colombia\/\"},\"author\":{\"name\":\"Majo Giovo\",\"@id\":\"https:\/\/midianinja.org\/#\/schema\/person\/54482eba16d867ac5229bcaf72f459cb\"},\"headline\":\"With Ancestral Culture and Sustainable Management, the Tikuna People Face Threats and Protect the Forest in Colombia\",\"datePublished\":\"2025-10-30T21:51:22+00:00\",\"dateModified\":\"2025-11-04T14:12:05+00:00\",\"mainEntityOfPage\":{\"@id\":\"https:\/\/midianinja.org\/en\/com-cultura-ancestral-e-gestao-sustentavel-o-povo-tikuna-enfrenta-ameacas-e-protege-a-floresta-na-colombia\/\"},\"wordCount\":348,\"publisher\":{\"@id\":\"https:\/\/midianinja.org\/#organization\"},\"image\":{\"@id\":\"https:\/\/midianinja.org\/en\/com-cultura-ancestral-e-gestao-sustentavel-o-povo-tikuna-enfrenta-ameacas-e-protege-a-floresta-na-colombia\/#primaryimage\"},\"thumbnailUrl\":\"https:\/\/midianinja.org\/wp-content\/uploads\/2025\/10\/photo_2025-10-30_17-44-43.jpg\",\"keywords\":[\"cop30\",\"flotilha\",\"indigenas\"],\"articleSection\":[\"Internacional\"],\"inLanguage\":\"en-US\"},{\"@type\":\"WebPage\",\"@id\":\"https:\/\/midianinja.org\/en\/com-cultura-ancestral-e-gestao-sustentavel-o-povo-tikuna-enfrenta-ameacas-e-protege-a-floresta-na-colombia\/\",\"url\":\"https:\/\/midianinja.org\/en\/com-cultura-ancestral-e-gestao-sustentavel-o-povo-tikuna-enfrenta-ameacas-e-protege-a-floresta-na-colombia\/\",\"name\":\"With Ancestral Culture and Sustainable Management, the Tikuna People Face Threats and Protect the Forest in Colombia - M\u00eddia NINJA\",\"isPartOf\":{\"@id\":\"https:\/\/midianinja.org\/#website\"},\"primaryImageOfPage\":{\"@id\":\"https:\/\/midianinja.org\/en\/com-cultura-ancestral-e-gestao-sustentavel-o-povo-tikuna-enfrenta-ameacas-e-protege-a-floresta-na-colombia\/#primaryimage\"},\"image\":{\"@id\":\"https:\/\/midianinja.org\/en\/com-cultura-ancestral-e-gestao-sustentavel-o-povo-tikuna-enfrenta-ameacas-e-protege-a-floresta-na-colombia\/#primaryimage\"},\"thumbnailUrl\":\"https:\/\/midianinja.org\/wp-content\/uploads\/2025\/10\/photo_2025-10-30_17-44-43.jpg\",\"datePublished\":\"2025-10-30T21:51:22+00:00\",\"dateModified\":\"2025-11-04T14:12:05+00:00\",\"description\":\"Monitores ambientais das comunidades nativas Tikuna utilizam celulares para registrar suas festividades, costumes e o trabalho que realizam na elabora\u00e7\u00e3o de seus artesanatos.\",\"breadcrumb\":{\"@id\":\"https:\/\/midianinja.org\/en\/com-cultura-ancestral-e-gestao-sustentavel-o-povo-tikuna-enfrenta-ameacas-e-protege-a-floresta-na-colombia\/#breadcrumb\"},\"inLanguage\":\"en-US\",\"potentialAction\":[{\"@type\":\"ReadAction\",\"target\":[\"https:\/\/midianinja.org\/en\/com-cultura-ancestral-e-gestao-sustentavel-o-povo-tikuna-enfrenta-ameacas-e-protege-a-floresta-na-colombia\/\"]}]},{\"@type\":\"ImageObject\",\"inLanguage\":\"en-US\",\"@id\":\"https:\/\/midianinja.org\/en\/com-cultura-ancestral-e-gestao-sustentavel-o-povo-tikuna-enfrenta-ameacas-e-protege-a-floresta-na-colombia\/#primaryimage\",\"url\":\"https:\/\/midianinja.org\/wp-content\/uploads\/2025\/10\/photo_2025-10-30_17-44-43.jpg\",\"contentUrl\":\"https:\/\/midianinja.org\/wp-content\/uploads\/2025\/10\/photo_2025-10-30_17-44-43.jpg\",\"width\":1440,\"height\":1440},{\"@type\":\"BreadcrumbList\",\"@id\":\"https:\/\/midianinja.org\/en\/com-cultura-ancestral-e-gestao-sustentavel-o-povo-tikuna-enfrenta-ameacas-e-protege-a-floresta-na-colombia\/#breadcrumb\",\"itemListElement\":[{\"@type\":\"ListItem\",\"position\":1,\"name\":\"In\u00edcio\",\"item\":\"https:\/\/midianinja.org\/en\/home-ninja-2024-en\/\"},{\"@type\":\"ListItem\",\"position\":2,\"name\":\"With Ancestral Culture and Sustainable Management, the Tikuna People Face Threats and Protect the Forest in Colombia\"}]},{\"@type\":\"WebSite\",\"@id\":\"https:\/\/midianinja.org\/#website\",\"url\":\"https:\/\/midianinja.org\/\",\"name\":\"M\u00eddia NINJA\",\"description\":\"Not\u00edcias, opini\u00e3o e jornalismo de urg\u00eancia.\",\"publisher\":{\"@id\":\"https:\/\/midianinja.org\/#organization\"},\"potentialAction\":[{\"@type\":\"SearchAction\",\"target\":{\"@type\":\"EntryPoint\",\"urlTemplate\":\"https:\/\/midianinja.org\/?s={search_term_string}\"},\"query-input\":{\"@type\":\"PropertyValueSpecification\",\"valueRequired\":true,\"valueName\":\"search_term_string\"}}],\"inLanguage\":\"en-US\"},{\"@type\":\"Organization\",\"@id\":\"https:\/\/midianinja.org\/#organization\",\"name\":\"M\u00eddia NINJA\",\"url\":\"https:\/\/midianinja.org\/\",\"logo\":{\"@type\":\"ImageObject\",\"inLanguage\":\"en-US\",\"@id\":\"https:\/\/midianinja.org\/#\/schema\/logo\/image\/\",\"url\":\"https:\/\/midianinja.org\/wp-content\/uploads\/2022\/11\/ninja-logo-preto-1.png\",\"contentUrl\":\"https:\/\/midianinja.org\/wp-content\/uploads\/2022\/11\/ninja-logo-preto-1.png\",\"width\":90,\"height\":60,\"caption\":\"M\u00eddia NINJA\"},\"image\":{\"@id\":\"https:\/\/midianinja.org\/#\/schema\/logo\/image\/\"},\"sameAs\":[\"https:\/\/www.facebook.com\/MidiaNINJA\",\"https:\/\/x.com\/MidiaNINJA\",\"https:\/\/www.instagram.com\/midianinja\/\"]},{\"@type\":\"Person\",\"@id\":\"https:\/\/midianinja.org\/#\/schema\/person\/54482eba16d867ac5229bcaf72f459cb\",\"name\":\"Majo Giovo\",\"image\":{\"@type\":\"ImageObject\",\"inLanguage\":\"en-US\",\"@id\":\"https:\/\/midianinja.org\/#\/schema\/person\/image\/36991c5d29a60ce3133b967d90aa67ae\",\"url\":\"https:\/\/secure.gravatar.com\/avatar\/fd24153d0325fec6504a1a157b44e59e35fe63dd85dfdc22e88fb2f33f337833?s=96&d=mm&r=g\",\"contentUrl\":\"https:\/\/secure.gravatar.com\/avatar\/fd24153d0325fec6504a1a157b44e59e35fe63dd85dfdc22e88fb2f33f337833?s=96&d=mm&r=g\",\"caption\":\"Majo Giovo\"},\"url\":\"https:\/\/midianinja.org\/en\/author\/majogiovo\/\"}]}<\/script>\n<!-- \/ Yoast SEO Premium plugin. -->","yoast_head_json":{"title":"With Ancestral Culture and Sustainable Management, the Tikuna People Face Threats and Protect the Forest in Colombia - M\u00eddia NINJA","description":"Monitores ambientais das comunidades nativas Tikuna utilizam celulares para registrar suas festividades, costumes e o trabalho que realizam na elabora\u00e7\u00e3o de seus artesanatos.","robots":{"index":"index","follow":"follow","max-snippet":"max-snippet:-1","max-image-preview":"max-image-preview:large","max-video-preview":"max-video-preview:-1"},"canonical":"https:\/\/midianinja.org\/en\/com-cultura-ancestral-e-gestao-sustentavel-o-povo-tikuna-enfrenta-ameacas-e-protege-a-floresta-na-colombia\/","og_locale":"en_US","og_type":"article","og_title":"With Ancestral Culture and Sustainable Management, the Tikuna People Face Threats and Protect the Forest in Colombia","og_description":"Monitores ambientais das comunidades nativas Tikuna utilizam celulares para registrar suas festividades, costumes e o trabalho que realizam na elabora\u00e7\u00e3o de seus artesanatos.","og_url":"https:\/\/midianinja.org\/en\/com-cultura-ancestral-e-gestao-sustentavel-o-povo-tikuna-enfrenta-ameacas-e-protege-a-floresta-na-colombia\/","og_site_name":"M\u00eddia NINJA","article_publisher":"https:\/\/www.facebook.com\/MidiaNINJA","article_published_time":"2025-10-30T21:51:22+00:00","article_modified_time":"2025-11-04T14:12:05+00:00","og_image":[{"width":1440,"height":1440,"url":"https:\/\/midianinja.org\/wp-content\/uploads\/2025\/10\/photo_2025-10-30_17-44-43.jpg","type":"image\/jpeg"}],"author":"Emergentes","twitter_card":"summary_large_image","twitter_creator":"@MidiaNINJA","twitter_site":"@MidiaNINJA","twitter_misc":{"Written by":"Emergentes","Est. reading time":"4 minutes"},"schema":{"@context":"https:\/\/schema.org","@graph":[{"@type":"Article","@id":"https:\/\/midianinja.org\/en\/com-cultura-ancestral-e-gestao-sustentavel-o-povo-tikuna-enfrenta-ameacas-e-protege-a-floresta-na-colombia\/#article","isPartOf":{"@id":"https:\/\/midianinja.org\/en\/com-cultura-ancestral-e-gestao-sustentavel-o-povo-tikuna-enfrenta-ameacas-e-protege-a-floresta-na-colombia\/"},"author":{"name":"Majo Giovo","@id":"https:\/\/midianinja.org\/#\/schema\/person\/54482eba16d867ac5229bcaf72f459cb"},"headline":"With Ancestral Culture and Sustainable Management, the Tikuna People Face Threats and Protect the Forest in Colombia","datePublished":"2025-10-30T21:51:22+00:00","dateModified":"2025-11-04T14:12:05+00:00","mainEntityOfPage":{"@id":"https:\/\/midianinja.org\/en\/com-cultura-ancestral-e-gestao-sustentavel-o-povo-tikuna-enfrenta-ameacas-e-protege-a-floresta-na-colombia\/"},"wordCount":348,"publisher":{"@id":"https:\/\/midianinja.org\/#organization"},"image":{"@id":"https:\/\/midianinja.org\/en\/com-cultura-ancestral-e-gestao-sustentavel-o-povo-tikuna-enfrenta-ameacas-e-protege-a-floresta-na-colombia\/#primaryimage"},"thumbnailUrl":"https:\/\/midianinja.org\/wp-content\/uploads\/2025\/10\/photo_2025-10-30_17-44-43.jpg","keywords":["cop30","flotilha","indigenas"],"articleSection":["Internacional"],"inLanguage":"en-US"},{"@type":"WebPage","@id":"https:\/\/midianinja.org\/en\/com-cultura-ancestral-e-gestao-sustentavel-o-povo-tikuna-enfrenta-ameacas-e-protege-a-floresta-na-colombia\/","url":"https:\/\/midianinja.org\/en\/com-cultura-ancestral-e-gestao-sustentavel-o-povo-tikuna-enfrenta-ameacas-e-protege-a-floresta-na-colombia\/","name":"With Ancestral Culture and Sustainable Management, the Tikuna People Face Threats and Protect the Forest in Colombia - M\u00eddia NINJA","isPartOf":{"@id":"https:\/\/midianinja.org\/#website"},"primaryImageOfPage":{"@id":"https:\/\/midianinja.org\/en\/com-cultura-ancestral-e-gestao-sustentavel-o-povo-tikuna-enfrenta-ameacas-e-protege-a-floresta-na-colombia\/#primaryimage"},"image":{"@id":"https:\/\/midianinja.org\/en\/com-cultura-ancestral-e-gestao-sustentavel-o-povo-tikuna-enfrenta-ameacas-e-protege-a-floresta-na-colombia\/#primaryimage"},"thumbnailUrl":"https:\/\/midianinja.org\/wp-content\/uploads\/2025\/10\/photo_2025-10-30_17-44-43.jpg","datePublished":"2025-10-30T21:51:22+00:00","dateModified":"2025-11-04T14:12:05+00:00","description":"Monitores ambientais das comunidades nativas Tikuna utilizam celulares para registrar suas festividades, costumes e o trabalho que realizam na elabora\u00e7\u00e3o de seus artesanatos.","breadcrumb":{"@id":"https:\/\/midianinja.org\/en\/com-cultura-ancestral-e-gestao-sustentavel-o-povo-tikuna-enfrenta-ameacas-e-protege-a-floresta-na-colombia\/#breadcrumb"},"inLanguage":"en-US","potentialAction":[{"@type":"ReadAction","target":["https:\/\/midianinja.org\/en\/com-cultura-ancestral-e-gestao-sustentavel-o-povo-tikuna-enfrenta-ameacas-e-protege-a-floresta-na-colombia\/"]}]},{"@type":"ImageObject","inLanguage":"en-US","@id":"https:\/\/midianinja.org\/en\/com-cultura-ancestral-e-gestao-sustentavel-o-povo-tikuna-enfrenta-ameacas-e-protege-a-floresta-na-colombia\/#primaryimage","url":"https:\/\/midianinja.org\/wp-content\/uploads\/2025\/10\/photo_2025-10-30_17-44-43.jpg","contentUrl":"https:\/\/midianinja.org\/wp-content\/uploads\/2025\/10\/photo_2025-10-30_17-44-43.jpg","width":1440,"height":1440},{"@type":"BreadcrumbList","@id":"https:\/\/midianinja.org\/en\/com-cultura-ancestral-e-gestao-sustentavel-o-povo-tikuna-enfrenta-ameacas-e-protege-a-floresta-na-colombia\/#breadcrumb","itemListElement":[{"@type":"ListItem","position":1,"name":"In\u00edcio","item":"https:\/\/midianinja.org\/en\/home-ninja-2024-en\/"},{"@type":"ListItem","position":2,"name":"With Ancestral Culture and Sustainable Management, the Tikuna People Face Threats and Protect the Forest in Colombia"}]},{"@type":"WebSite","@id":"https:\/\/midianinja.org\/#website","url":"https:\/\/midianinja.org\/","name":"M\u00eddia NINJA","description":"Not\u00edcias, opini\u00e3o e jornalismo de urg\u00eancia.","publisher":{"@id":"https:\/\/midianinja.org\/#organization"},"potentialAction":[{"@type":"SearchAction","target":{"@type":"EntryPoint","urlTemplate":"https:\/\/midianinja.org\/?s={search_term_string}"},"query-input":{"@type":"PropertyValueSpecification","valueRequired":true,"valueName":"search_term_string"}}],"inLanguage":"en-US"},{"@type":"Organization","@id":"https:\/\/midianinja.org\/#organization","name":"M\u00eddia NINJA","url":"https:\/\/midianinja.org\/","logo":{"@type":"ImageObject","inLanguage":"en-US","@id":"https:\/\/midianinja.org\/#\/schema\/logo\/image\/","url":"https:\/\/midianinja.org\/wp-content\/uploads\/2022\/11\/ninja-logo-preto-1.png","contentUrl":"https:\/\/midianinja.org\/wp-content\/uploads\/2022\/11\/ninja-logo-preto-1.png","width":90,"height":60,"caption":"M\u00eddia NINJA"},"image":{"@id":"https:\/\/midianinja.org\/#\/schema\/logo\/image\/"},"sameAs":["https:\/\/www.facebook.com\/MidiaNINJA","https:\/\/x.com\/MidiaNINJA","https:\/\/www.instagram.com\/midianinja\/"]},{"@type":"Person","@id":"https:\/\/midianinja.org\/#\/schema\/person\/54482eba16d867ac5229bcaf72f459cb","name":"Majo Giovo","image":{"@type":"ImageObject","inLanguage":"en-US","@id":"https:\/\/midianinja.org\/#\/schema\/person\/image\/36991c5d29a60ce3133b967d90aa67ae","url":"https:\/\/secure.gravatar.com\/avatar\/fd24153d0325fec6504a1a157b44e59e35fe63dd85dfdc22e88fb2f33f337833?s=96&d=mm&r=g","contentUrl":"https:\/\/secure.gravatar.com\/avatar\/fd24153d0325fec6504a1a157b44e59e35fe63dd85dfdc22e88fb2f33f337833?s=96&d=mm&r=g","caption":"Majo Giovo"},"url":"https:\/\/midianinja.org\/en\/author\/majogiovo\/"}]}},"main_category":{"link":"https:\/\/midianinja.org\/category\/internacional\/","name":"Internacional","slug":"internacional"},"_links":{"self":[{"href":"https:\/\/midianinja.org\/en\/wp-json\/wp\/v2\/posts\/4610147","targetHints":{"allow":["GET"]}}],"collection":[{"href":"https:\/\/midianinja.org\/en\/wp-json\/wp\/v2\/posts"}],"about":[{"href":"https:\/\/midianinja.org\/en\/wp-json\/wp\/v2\/types\/post"}],"author":[{"embeddable":true,"href":"https:\/\/midianinja.org\/en\/wp-json\/wp\/v2\/users\/11304"}],"replies":[{"embeddable":true,"href":"https:\/\/midianinja.org\/en\/wp-json\/wp\/v2\/comments?post=4610147"}],"version-history":[{"count":1,"href":"https:\/\/midianinja.org\/en\/wp-json\/wp\/v2\/posts\/4610147\/revisions"}],"predecessor-version":[{"id":4610149,"href":"https:\/\/midianinja.org\/en\/wp-json\/wp\/v2\/posts\/4610147\/revisions\/4610149"}],"wp:featuredmedia":[{"embeddable":true,"href":"https:\/\/midianinja.org\/en\/wp-json\/wp\/v2\/media\/4609845"}],"wp:attachment":[{"href":"https:\/\/midianinja.org\/en\/wp-json\/wp\/v2\/media?parent=4610147"}],"wp:term":[{"taxonomy":"category","embeddable":true,"href":"https:\/\/midianinja.org\/en\/wp-json\/wp\/v2\/categories?post=4610147"},{"taxonomy":"post_tag","embeddable":true,"href":"https:\/\/midianinja.org\/en\/wp-json\/wp\/v2\/tags?post=4610147"},{"taxonomy":"brand","embeddable":true,"href":"https:\/\/midianinja.org\/en\/wp-json\/wp\/v2\/brand?post=4610147"},{"taxonomy":"newspack_spnsrs_tax","embeddable":true,"href":"https:\/\/midianinja.org\/en\/wp-json\/wp\/v2\/newspack_spnsrs_tax?post=4610147"},{"taxonomy":"marcador_afluente","embeddable":true,"href":"https:\/\/midianinja.org\/en\/wp-json\/wp\/v2\/marcador_afluente?post=4610147"},{"taxonomy":"marcador_especial","embeddable":true,"href":"https:\/\/midianinja.org\/en\/wp-json\/wp\/v2\/marcador_especial?post=4610147"},{"taxonomy":"author","embeddable":true,"href":"https:\/\/midianinja.org\/en\/wp-json\/wp\/v2\/coauthors?post=4610147"}],"curies":[{"name":"wp","href":"https:\/\/api.w.org\/{rel}","templated":true}]}}