{"id":4439810,"date":"2022-11-17T17:31:07","date_gmt":"2022-11-17T20:31:07","guid":{"rendered":"https:\/\/midianinja.org\/?post_type=news&#038;p=4439810\/"},"modified":"2022-11-17T17:31:07","modified_gmt":"2022-11-17T20:31:07","slug":"lula-makes-historic-speech-at-cop27-and-promises-to-charge-rich-countries","status":"publish","type":"post","link":"https:\/\/midianinja.org\/en\/lula-makes-historic-speech-at-cop27-and-promises-to-charge-rich-countries\/","title":{"rendered":"Lula makes historic speech at COP27 and promises to charge rich countries"},"content":{"rendered":"<div id=\"attachment_4439626\" style=\"width: 1290px\" class=\"wp-caption aligncenter\"><a href=\"https:\/\/midianinja.org\/wp-content\/uploads\/2022\/11\/photo_2022-11-16-13.41.04.jpeg\"><img loading=\"lazy\" decoding=\"async\" aria-describedby=\"caption-attachment-4439626\" class=\"wp-image-4439626 size-full\" src=\"https:\/\/midianinja.org\/wp-content\/uploads\/2022\/11\/photo_2022-11-16-13.41.04.jpeg\" alt=\"\" width=\"1280\" height=\"853\" srcset=\"https:\/\/midianinja.org\/wp-content\/uploads\/2022\/11\/photo_2022-11-16-13.41.04.jpeg 1280w, https:\/\/midianinja.org\/wp-content\/uploads\/2022\/11\/photo_2022-11-16-13.41.04-300x200.jpeg 300w, https:\/\/midianinja.org\/wp-content\/uploads\/2022\/11\/photo_2022-11-16-13.41.04-768x512.jpeg 768w, https:\/\/midianinja.org\/wp-content\/uploads\/2022\/11\/photo_2022-11-16-13.41.04-1024x682.jpeg 1024w, https:\/\/midianinja.org\/wp-content\/uploads\/2022\/11\/photo_2022-11-16-13.41.04-1080x720.jpeg 1080w\" sizes=\"auto, (max-width: 1280px) 100vw, 1280px\" \/><\/a><p id=\"caption-attachment-4439626\" class=\"wp-caption-text\">Lula participated in the panel &#8220;Brazil&#8217;s vision on climate and the environment&#8221; during COP27. Photo: M\u00eddia NINJA<\/p><\/div>\n<p><em><span style=\"font-weight: 400;\">By Teca Curio for NINJA&#8217;s special coverage of COP27.<\/span><\/em><\/p>\n<p><span style=\"font-weight: 400;\">The president-elect of Brazil, Luiz In\u00e1cio Lula da Silva made a historic and powerful speech at the official panel of COP 27, a speech of hope and solidarity.<\/span><\/p>\n<p><span style=\"font-weight: 400;\">Lula began by saying that the invitation to be at the Conference was not extended to him but to Brazil, and he sees that the world misses Brazil. &#8220;We are back&#8221;, he affirmed.<\/span><\/p>\n<p><span style=\"font-weight: 400;\">The president&#8217;s speech was strong, demanding a position from the UN and developed countries so that they comply with the agreements made at COP 15 and reinforcing that Brazil is back to play this role of demanding that the agreements come out of the paper.<\/span><\/p>\n<blockquote><p><span style=\"font-weight: 400;\">&#8220;In 2009, the countries present at COP 15 in Copenhagen committed to mobilize 100 billion dollars a year, starting in 2020, to help the least developed countries to face climate change. This commitment has not been and is not being fulfilled.&#8221;<\/span><\/p><\/blockquote>\n<p><span style=\"font-weight: 400;\">According to Lula, Brazil went through one of the most difficult elections, but that the people chose democracy and his government is committed to climate security. He also remembered that between 2004 and 2013 Brazil reduced Amazon deforestation by 83% and now intends to resume preservation policies.<\/span><\/p>\n<p><span style=\"font-weight: 400;\">Lula&#8217;s speech touched the audience and, in many moments, he was interrupted by applauses and shouts of support and solidarity. Peace among peoples and the fight against hunger were highlights of the speech.<\/span><\/p>\n<p><span style=\"font-weight: 400;\">Lula reinforced his commitment to building a more just and united world in order to find a sustainable solution to combat the advance of climate change.<\/span><\/p>\n<blockquote><p><span style=\"font-weight: 400;\">&#8220;I am here today to say that Brazil is ready to join again in the efforts to build a healthier planet. Of a more just world, capable of welcoming with dignity the totality of its inhabitants &#8211; and not just a privileged minority.&#8221;<\/span><\/p><\/blockquote>\n<p><span style=\"font-weight: 400;\">Closing his speech, Lula committed himself to management with the highest profile structure to think about actions to combat the climate crisis, to resume and strengthen the inspection and monitoring bodies, scrapped during the current government, punishing illegal activities, such as illegal mining and logging.<\/span><\/p>\n<p><span style=\"font-weight: 400;\">He also announced the creation of the Ministry of the Original Peoples, and that these will be the protagonists of the preservation of the Amazon and of the Brazilian biomes. At the end, the president also made a request that COP 30 be hosted in Brazil and announced that he will make every effort for the Amazon region to host the Conference.<\/span><\/p>\n","protected":false},"excerpt":{"rendered":"<p>&#8220;It&#8217;s time to act. We don&#8217;t have time to lose,&#8221; said the president-elect during a panel at the COP<\/p>\n","protected":false},"author":5007,"featured_media":4439626,"comment_status":"closed","ping_status":"closed","sticky":false,"template":"","format":"standard","meta":{"_coblocks_attr":"","_coblocks_dimensions":"","_coblocks_responsive_height":"","_coblocks_accordion_ie_support":"","newspack_ads_suppress_ads":false,"newspack_popups_has_disabled_popups":false,"newspack_sponsor_sponsorship_scope":"","newspack_sponsor_native_byline_display":"inherit","newspack_sponsor_native_category_display":"inherit","newspack_sponsor_underwriter_style":"inherit","newspack_sponsor_underwriter_placement":"inherit","rop_custom_images_group":[],"rop_custom_messages_group":[],"rop_publish_now":"initial","rop_publish_now_accounts":[],"rop_publish_now_history":[],"rop_publish_now_status":"pending","_themeisle_gutenberg_block_has_review":false,"_primary_brand":0,"_newspack_byline_active":false,"_newspack_byline":"","footnotes":""},"categories":[4855],"tags":[],"brand":[],"newspack_spnsrs_tax":[],"marcador_afluente":[],"marcador_especial":[],"coauthors":[],"class_list":["post-4439810","post","type-post","status-publish","format-standard","has-post-thumbnail","hentry","category-cop27_en"],"yoast_head":"<!-- This site is optimized with the Yoast SEO Premium plugin v25.2 (Yoast SEO v26.1.1) - https:\/\/yoast.com\/wordpress\/plugins\/seo\/ -->\n<title>Lula makes historic speech at COP27 and promises to charge rich countries - M\u00eddia NINJA<\/title>\n<meta name=\"description\" content=\"&quot;It&#039;s time to act. We don&#039;t have time to lose,&quot; said the president-elect during a panel at the COP\" \/>\n<meta name=\"robots\" content=\"index, follow, max-snippet:-1, max-image-preview:large, max-video-preview:-1\" \/>\n<link rel=\"canonical\" href=\"https:\/\/midianinja.org\/en\/lula-makes-historic-speech-at-cop27-and-promises-to-charge-rich-countries\/\" \/>\n<meta property=\"og:locale\" content=\"en_US\" \/>\n<meta property=\"og:type\" content=\"article\" \/>\n<meta property=\"og:title\" content=\"Lula makes historic speech at COP27 and promises to charge rich countries\" \/>\n<meta property=\"og:description\" content=\"&quot;It&#039;s time to act. We don&#039;t have time to lose,&quot; said the president-elect during a panel at the COP\" \/>\n<meta property=\"og:url\" content=\"https:\/\/midianinja.org\/en\/lula-makes-historic-speech-at-cop27-and-promises-to-charge-rich-countries\/\" \/>\n<meta property=\"og:site_name\" content=\"M\u00eddia NINJA\" \/>\n<meta property=\"article:publisher\" content=\"https:\/\/www.facebook.com\/MidiaNINJA\" \/>\n<meta property=\"article:author\" content=\"https:\/\/www.facebook.com\/pg\/MidiaNINJA\/\" \/>\n<meta property=\"article:published_time\" content=\"2022-11-17T20:31:07+00:00\" \/>\n<meta property=\"og:image\" content=\"https:\/\/midianinja.org\/wp-content\/uploads\/2022\/11\/photo_2022-11-16-13.41.04.jpeg\" \/>\n\t<meta property=\"og:image:width\" content=\"1280\" \/>\n\t<meta property=\"og:image:height\" content=\"853\" \/>\n\t<meta property=\"og:image:type\" content=\"image\/jpeg\" \/>\n<meta name=\"author\" content=\"NINJA\" \/>\n<meta name=\"twitter:card\" content=\"summary_large_image\" \/>\n<meta name=\"twitter:creator\" content=\"@https:\/\/www.twitter.com\/MidiaNINJA\/\" \/>\n<meta name=\"twitter:site\" content=\"@MidiaNINJA\" \/>\n<meta name=\"twitter:label1\" content=\"Written by\" \/>\n\t<meta name=\"twitter:data1\" content=\"NINJA\" \/>\n\t<meta name=\"twitter:label2\" content=\"Est. reading time\" \/>\n\t<meta name=\"twitter:data2\" content=\"2 minutes\" \/>\n<script type=\"application\/ld+json\" class=\"yoast-schema-graph\">{\"@context\":\"https:\/\/schema.org\",\"@graph\":[{\"@type\":\"Article\",\"@id\":\"https:\/\/midianinja.org\/en\/lula-makes-historic-speech-at-cop27-and-promises-to-charge-rich-countries\/#article\",\"isPartOf\":{\"@id\":\"https:\/\/midianinja.org\/en\/lula-makes-historic-speech-at-cop27-and-promises-to-charge-rich-countries\/\"},\"author\":{\"name\":\"NINJA\",\"@id\":\"https:\/\/midianinja.org\/#\/schema\/person\/c3bf33f8e8c482e1eb74055982d698ee\"},\"headline\":\"Lula makes historic speech at COP27 and promises to charge rich countries\",\"datePublished\":\"2022-11-17T20:31:07+00:00\",\"mainEntityOfPage\":{\"@id\":\"https:\/\/midianinja.org\/en\/lula-makes-historic-speech-at-cop27-and-promises-to-charge-rich-countries\/\"},\"wordCount\":444,\"publisher\":{\"@id\":\"https:\/\/midianinja.org\/#organization\"},\"image\":{\"@id\":\"https:\/\/midianinja.org\/en\/lula-makes-historic-speech-at-cop27-and-promises-to-charge-rich-countries\/#primaryimage\"},\"thumbnailUrl\":\"https:\/\/midianinja.org\/wp-content\/uploads\/2022\/11\/photo_2022-11-16-13.41.04.jpeg\",\"articleSection\":[\"Cop27_en\"],\"inLanguage\":\"en-US\"},{\"@type\":\"WebPage\",\"@id\":\"https:\/\/midianinja.org\/en\/lula-makes-historic-speech-at-cop27-and-promises-to-charge-rich-countries\/\",\"url\":\"https:\/\/midianinja.org\/en\/lula-makes-historic-speech-at-cop27-and-promises-to-charge-rich-countries\/\",\"name\":\"Lula makes historic speech at COP27 and promises to charge rich countries - M\u00eddia NINJA\",\"isPartOf\":{\"@id\":\"https:\/\/midianinja.org\/#website\"},\"primaryImageOfPage\":{\"@id\":\"https:\/\/midianinja.org\/en\/lula-makes-historic-speech-at-cop27-and-promises-to-charge-rich-countries\/#primaryimage\"},\"image\":{\"@id\":\"https:\/\/midianinja.org\/en\/lula-makes-historic-speech-at-cop27-and-promises-to-charge-rich-countries\/#primaryimage\"},\"thumbnailUrl\":\"https:\/\/midianinja.org\/wp-content\/uploads\/2022\/11\/photo_2022-11-16-13.41.04.jpeg\",\"datePublished\":\"2022-11-17T20:31:07+00:00\",\"description\":\"\\\"It's time to act. We don't have time to lose,\\\" said the president-elect during a panel at the COP\",\"breadcrumb\":{\"@id\":\"https:\/\/midianinja.org\/en\/lula-makes-historic-speech-at-cop27-and-promises-to-charge-rich-countries\/#breadcrumb\"},\"inLanguage\":\"en-US\",\"potentialAction\":[{\"@type\":\"ReadAction\",\"target\":[\"https:\/\/midianinja.org\/en\/lula-makes-historic-speech-at-cop27-and-promises-to-charge-rich-countries\/\"]}]},{\"@type\":\"ImageObject\",\"inLanguage\":\"en-US\",\"@id\":\"https:\/\/midianinja.org\/en\/lula-makes-historic-speech-at-cop27-and-promises-to-charge-rich-countries\/#primaryimage\",\"url\":\"https:\/\/midianinja.org\/wp-content\/uploads\/2022\/11\/photo_2022-11-16-13.41.04.jpeg\",\"contentUrl\":\"https:\/\/midianinja.org\/wp-content\/uploads\/2022\/11\/photo_2022-11-16-13.41.04.jpeg\",\"width\":1280,\"height\":853,\"caption\":\"Lula participou de painel \\\"A vis\u00e3o do Brasil sobre o clima e meio ambiente\\\" durante a COP27. Foto: M\u00eddia NINJA\"},{\"@type\":\"BreadcrumbList\",\"@id\":\"https:\/\/midianinja.org\/en\/lula-makes-historic-speech-at-cop27-and-promises-to-charge-rich-countries\/#breadcrumb\",\"itemListElement\":[{\"@type\":\"ListItem\",\"position\":1,\"name\":\"In\u00edcio\",\"item\":\"https:\/\/midianinja.org\/en\/home-ninja-2024-en\/\"},{\"@type\":\"ListItem\",\"position\":2,\"name\":\"Lula makes historic speech at COP27 and promises to charge rich countries\"}]},{\"@type\":\"WebSite\",\"@id\":\"https:\/\/midianinja.org\/#website\",\"url\":\"https:\/\/midianinja.org\/\",\"name\":\"M\u00eddia NINJA\",\"description\":\"Not\u00edcias, opini\u00e3o e jornalismo de urg\u00eancia.\",\"publisher\":{\"@id\":\"https:\/\/midianinja.org\/#organization\"},\"potentialAction\":[{\"@type\":\"SearchAction\",\"target\":{\"@type\":\"EntryPoint\",\"urlTemplate\":\"https:\/\/midianinja.org\/?s={search_term_string}\"},\"query-input\":{\"@type\":\"PropertyValueSpecification\",\"valueRequired\":true,\"valueName\":\"search_term_string\"}}],\"inLanguage\":\"en-US\"},{\"@type\":\"Organization\",\"@id\":\"https:\/\/midianinja.org\/#organization\",\"name\":\"M\u00eddia NINJA\",\"url\":\"https:\/\/midianinja.org\/\",\"logo\":{\"@type\":\"ImageObject\",\"inLanguage\":\"en-US\",\"@id\":\"https:\/\/midianinja.org\/#\/schema\/logo\/image\/\",\"url\":\"https:\/\/midianinja.org\/wp-content\/uploads\/2022\/11\/ninja-logo-preto-1.png\",\"contentUrl\":\"https:\/\/midianinja.org\/wp-content\/uploads\/2022\/11\/ninja-logo-preto-1.png\",\"width\":90,\"height\":60,\"caption\":\"M\u00eddia NINJA\"},\"image\":{\"@id\":\"https:\/\/midianinja.org\/#\/schema\/logo\/image\/\"},\"sameAs\":[\"https:\/\/www.facebook.com\/MidiaNINJA\",\"https:\/\/x.com\/MidiaNINJA\",\"https:\/\/www.instagram.com\/midianinja\/\"]},{\"@type\":\"Person\",\"@id\":\"https:\/\/midianinja.org\/#\/schema\/person\/c3bf33f8e8c482e1eb74055982d698ee\",\"name\":\"NINJA\",\"image\":{\"@type\":\"ImageObject\",\"inLanguage\":\"en-US\",\"@id\":\"https:\/\/midianinja.org\/#\/schema\/person\/image\/f07be7cca4a7817bbd00856ef7026314\",\"url\":\"https:\/\/secure.gravatar.com\/avatar\/977db89a49d9766fb23a668047cb7cf0a5b2dbf13eb3d4e3e833c2a299cc2446?s=96&d=mm&r=g\",\"contentUrl\":\"https:\/\/secure.gravatar.com\/avatar\/977db89a49d9766fb23a668047cb7cf0a5b2dbf13eb3d4e3e833c2a299cc2446?s=96&d=mm&r=g\",\"caption\":\"NINJA\"},\"sameAs\":[\"https:\/\/www.facebook.com\/pg\/MidiaNINJA\/\",\"https:\/\/www.instagram.com\/MidiaNINJA\/\",\"https:\/\/x.com\/https:\/\/www.twitter.com\/MidiaNINJA\/\"],\"url\":\"https:\/\/midianinja.org\/en\/author\/editorninja\/\"}]}<\/script>\n<!-- \/ Yoast SEO Premium plugin. -->","yoast_head_json":{"title":"Lula makes historic speech at COP27 and promises to charge rich countries - M\u00eddia NINJA","description":"\"It's time to act. We don't have time to lose,\" said the president-elect during a panel at the COP","robots":{"index":"index","follow":"follow","max-snippet":"max-snippet:-1","max-image-preview":"max-image-preview:large","max-video-preview":"max-video-preview:-1"},"canonical":"https:\/\/midianinja.org\/en\/lula-makes-historic-speech-at-cop27-and-promises-to-charge-rich-countries\/","og_locale":"en_US","og_type":"article","og_title":"Lula makes historic speech at COP27 and promises to charge rich countries","og_description":"\"It's time to act. We don't have time to lose,\" said the president-elect during a panel at the COP","og_url":"https:\/\/midianinja.org\/en\/lula-makes-historic-speech-at-cop27-and-promises-to-charge-rich-countries\/","og_site_name":"M\u00eddia NINJA","article_publisher":"https:\/\/www.facebook.com\/MidiaNINJA","article_author":"https:\/\/www.facebook.com\/pg\/MidiaNINJA\/","article_published_time":"2022-11-17T20:31:07+00:00","og_image":[{"width":1280,"height":853,"url":"https:\/\/midianinja.org\/wp-content\/uploads\/2022\/11\/photo_2022-11-16-13.41.04.jpeg","type":"image\/jpeg"}],"author":"NINJA","twitter_card":"summary_large_image","twitter_creator":"@https:\/\/www.twitter.com\/MidiaNINJA\/","twitter_site":"@MidiaNINJA","twitter_misc":{"Written by":"NINJA","Est. reading time":"2 minutes"},"schema":{"@context":"https:\/\/schema.org","@graph":[{"@type":"Article","@id":"https:\/\/midianinja.org\/en\/lula-makes-historic-speech-at-cop27-and-promises-to-charge-rich-countries\/#article","isPartOf":{"@id":"https:\/\/midianinja.org\/en\/lula-makes-historic-speech-at-cop27-and-promises-to-charge-rich-countries\/"},"author":{"name":"NINJA","@id":"https:\/\/midianinja.org\/#\/schema\/person\/c3bf33f8e8c482e1eb74055982d698ee"},"headline":"Lula makes historic speech at COP27 and promises to charge rich countries","datePublished":"2022-11-17T20:31:07+00:00","mainEntityOfPage":{"@id":"https:\/\/midianinja.org\/en\/lula-makes-historic-speech-at-cop27-and-promises-to-charge-rich-countries\/"},"wordCount":444,"publisher":{"@id":"https:\/\/midianinja.org\/#organization"},"image":{"@id":"https:\/\/midianinja.org\/en\/lula-makes-historic-speech-at-cop27-and-promises-to-charge-rich-countries\/#primaryimage"},"thumbnailUrl":"https:\/\/midianinja.org\/wp-content\/uploads\/2022\/11\/photo_2022-11-16-13.41.04.jpeg","articleSection":["Cop27_en"],"inLanguage":"en-US"},{"@type":"WebPage","@id":"https:\/\/midianinja.org\/en\/lula-makes-historic-speech-at-cop27-and-promises-to-charge-rich-countries\/","url":"https:\/\/midianinja.org\/en\/lula-makes-historic-speech-at-cop27-and-promises-to-charge-rich-countries\/","name":"Lula makes historic speech at COP27 and promises to charge rich countries - M\u00eddia NINJA","isPartOf":{"@id":"https:\/\/midianinja.org\/#website"},"primaryImageOfPage":{"@id":"https:\/\/midianinja.org\/en\/lula-makes-historic-speech-at-cop27-and-promises-to-charge-rich-countries\/#primaryimage"},"image":{"@id":"https:\/\/midianinja.org\/en\/lula-makes-historic-speech-at-cop27-and-promises-to-charge-rich-countries\/#primaryimage"},"thumbnailUrl":"https:\/\/midianinja.org\/wp-content\/uploads\/2022\/11\/photo_2022-11-16-13.41.04.jpeg","datePublished":"2022-11-17T20:31:07+00:00","description":"\"It's time to act. We don't have time to lose,\" said the president-elect during a panel at the COP","breadcrumb":{"@id":"https:\/\/midianinja.org\/en\/lula-makes-historic-speech-at-cop27-and-promises-to-charge-rich-countries\/#breadcrumb"},"inLanguage":"en-US","potentialAction":[{"@type":"ReadAction","target":["https:\/\/midianinja.org\/en\/lula-makes-historic-speech-at-cop27-and-promises-to-charge-rich-countries\/"]}]},{"@type":"ImageObject","inLanguage":"en-US","@id":"https:\/\/midianinja.org\/en\/lula-makes-historic-speech-at-cop27-and-promises-to-charge-rich-countries\/#primaryimage","url":"https:\/\/midianinja.org\/wp-content\/uploads\/2022\/11\/photo_2022-11-16-13.41.04.jpeg","contentUrl":"https:\/\/midianinja.org\/wp-content\/uploads\/2022\/11\/photo_2022-11-16-13.41.04.jpeg","width":1280,"height":853,"caption":"Lula participou de painel \"A vis\u00e3o do Brasil sobre o clima e meio ambiente\" durante a COP27. Foto: M\u00eddia NINJA"},{"@type":"BreadcrumbList","@id":"https:\/\/midianinja.org\/en\/lula-makes-historic-speech-at-cop27-and-promises-to-charge-rich-countries\/#breadcrumb","itemListElement":[{"@type":"ListItem","position":1,"name":"In\u00edcio","item":"https:\/\/midianinja.org\/en\/home-ninja-2024-en\/"},{"@type":"ListItem","position":2,"name":"Lula makes historic speech at COP27 and promises to charge rich countries"}]},{"@type":"WebSite","@id":"https:\/\/midianinja.org\/#website","url":"https:\/\/midianinja.org\/","name":"M\u00eddia NINJA","description":"Not\u00edcias, opini\u00e3o e jornalismo de urg\u00eancia.","publisher":{"@id":"https:\/\/midianinja.org\/#organization"},"potentialAction":[{"@type":"SearchAction","target":{"@type":"EntryPoint","urlTemplate":"https:\/\/midianinja.org\/?s={search_term_string}"},"query-input":{"@type":"PropertyValueSpecification","valueRequired":true,"valueName":"search_term_string"}}],"inLanguage":"en-US"},{"@type":"Organization","@id":"https:\/\/midianinja.org\/#organization","name":"M\u00eddia NINJA","url":"https:\/\/midianinja.org\/","logo":{"@type":"ImageObject","inLanguage":"en-US","@id":"https:\/\/midianinja.org\/#\/schema\/logo\/image\/","url":"https:\/\/midianinja.org\/wp-content\/uploads\/2022\/11\/ninja-logo-preto-1.png","contentUrl":"https:\/\/midianinja.org\/wp-content\/uploads\/2022\/11\/ninja-logo-preto-1.png","width":90,"height":60,"caption":"M\u00eddia NINJA"},"image":{"@id":"https:\/\/midianinja.org\/#\/schema\/logo\/image\/"},"sameAs":["https:\/\/www.facebook.com\/MidiaNINJA","https:\/\/x.com\/MidiaNINJA","https:\/\/www.instagram.com\/midianinja\/"]},{"@type":"Person","@id":"https:\/\/midianinja.org\/#\/schema\/person\/c3bf33f8e8c482e1eb74055982d698ee","name":"NINJA","image":{"@type":"ImageObject","inLanguage":"en-US","@id":"https:\/\/midianinja.org\/#\/schema\/person\/image\/f07be7cca4a7817bbd00856ef7026314","url":"https:\/\/secure.gravatar.com\/avatar\/977db89a49d9766fb23a668047cb7cf0a5b2dbf13eb3d4e3e833c2a299cc2446?s=96&d=mm&r=g","contentUrl":"https:\/\/secure.gravatar.com\/avatar\/977db89a49d9766fb23a668047cb7cf0a5b2dbf13eb3d4e3e833c2a299cc2446?s=96&d=mm&r=g","caption":"NINJA"},"sameAs":["https:\/\/www.facebook.com\/pg\/MidiaNINJA\/","https:\/\/www.instagram.com\/MidiaNINJA\/","https:\/\/x.com\/https:\/\/www.twitter.com\/MidiaNINJA\/"],"url":"https:\/\/midianinja.org\/en\/author\/editorninja\/"}]}},"main_category":{"link":"https:\/\/midianinja.org\/en\/category\/cop27_en\/","name":"Cop27_en","slug":"cop27_en"},"_links":{"self":[{"href":"https:\/\/midianinja.org\/en\/wp-json\/wp\/v2\/posts\/4439810","targetHints":{"allow":["GET"]}}],"collection":[{"href":"https:\/\/midianinja.org\/en\/wp-json\/wp\/v2\/posts"}],"about":[{"href":"https:\/\/midianinja.org\/en\/wp-json\/wp\/v2\/types\/post"}],"author":[{"embeddable":true,"href":"https:\/\/midianinja.org\/en\/wp-json\/wp\/v2\/users\/5007"}],"replies":[{"embeddable":true,"href":"https:\/\/midianinja.org\/en\/wp-json\/wp\/v2\/comments?post=4439810"}],"version-history":[{"count":0,"href":"https:\/\/midianinja.org\/en\/wp-json\/wp\/v2\/posts\/4439810\/revisions"}],"wp:featuredmedia":[{"embeddable":true,"href":"https:\/\/midianinja.org\/en\/wp-json\/wp\/v2\/media\/4439626"}],"wp:attachment":[{"href":"https:\/\/midianinja.org\/en\/wp-json\/wp\/v2\/media?parent=4439810"}],"wp:term":[{"taxonomy":"category","embeddable":true,"href":"https:\/\/midianinja.org\/en\/wp-json\/wp\/v2\/categories?post=4439810"},{"taxonomy":"post_tag","embeddable":true,"href":"https:\/\/midianinja.org\/en\/wp-json\/wp\/v2\/tags?post=4439810"},{"taxonomy":"brand","embeddable":true,"href":"https:\/\/midianinja.org\/en\/wp-json\/wp\/v2\/brand?post=4439810"},{"taxonomy":"newspack_spnsrs_tax","embeddable":true,"href":"https:\/\/midianinja.org\/en\/wp-json\/wp\/v2\/newspack_spnsrs_tax?post=4439810"},{"taxonomy":"marcador_afluente","embeddable":true,"href":"https:\/\/midianinja.org\/en\/wp-json\/wp\/v2\/marcador_afluente?post=4439810"},{"taxonomy":"marcador_especial","embeddable":true,"href":"https:\/\/midianinja.org\/en\/wp-json\/wp\/v2\/marcador_especial?post=4439810"},{"taxonomy":"author","embeddable":true,"href":"https:\/\/midianinja.org\/en\/wp-json\/wp\/v2\/coauthors?post=4439810"}],"curies":[{"name":"wp","href":"https:\/\/api.w.org\/{rel}","templated":true}]}}